{"id":734,"date":"2019-07-12T17:40:50","date_gmt":"2019-07-12T15:40:50","guid":{"rendered":"https:\/\/eu-hammelburg.de\/?p=734"},"modified":"2019-07-22T21:59:29","modified_gmt":"2019-07-22T19:59:29","slug":"ehrung-fuer-ein-dutzend-landessieger-aus-hammelburg-im-europa-haus","status":"publish","type":"post","link":"https:\/\/eu-bayern.de\/kvhammelburg\/ehrung-fuer-ein-dutzend-landessieger-aus-hammelburg-im-europa-haus\/","title":{"rendered":"Ehrung f\u00fcr ein Dutzend Landessieger aus Hammelburg im Europa-Haus"},"content":{"rendered":"<p class=\"tinymce_own02\">&#8222;YOUrope &#8211; es geht um dich!&#8220; hie\u00df der Europ\u00e4ische Wettbewerb der Schulen diesmal. Alle Klassen des Frobenius-Gymnasiums und sieben Klassen der Grundschule am M\u00f6nchsturm hatten teilgenommen.<\/p>\n<p><em>Zw\u00f6lf Landessieger stellten die Hammelburger Schulen beim Europa-Wettbewerb.<\/em><\/p>\n<p>\u00dcber gute Teilnehmerzahlen am Europ\u00e4ischen Wettbewerb der Schulen freute sich der Vorsitzende der Europa-Union Hammelburg, Hans-Dieter Scherpf, der die jungen G\u00e4ste und ihre Lehrkr\u00e4fte im Europa-Haus am Viehmarkt willkommen hie\u00df. Das Thema der 66. Kreativ-Runde hie\u00df &#8222;YOUrope &#8211; es geht um dich!&#8220;.<\/p>\n<p>Beim EU-Kreisverband ist ein Empfang der erfolgreichen Teilnehmer Tradition. Die Landessieger erhalten dabei eine Urkunde und ein kleines Pr\u00e4sent durch Scherpf und die Schulbeauftragte, Sabine Oschmann-Hockgeiger, die die Organisation des Wettbewerbs in der Saalestadt \u00fcbernimmt.<\/p>\n<p>Der \u00e4lteste Sch\u00fcler-Wettbewerb Deutschlands motivierte Sch\u00fclerinnen und Sch\u00fcler aus sieben Klassen der Grundschule am M\u00f6nchsturm und aus allen Klassen des Frobenius-Gymnasiums. Insgesamt errangen die M\u00e4dchen und Jungen heuer ein Dutzend Landessieger-Titel.<\/p>\n<p><em>Auf dem Weg nach Berlin<\/em><\/p>\n<p>F\u00fcnf Arbeiten nehmen den Weg nach Berlin wo \u00fcber m\u00f6gliche Bundessieger noch entschieden wird.<\/p>\n<p>Der Europ\u00e4ische Wettbewerb greift Themen des Europa-Rats und der EU-Kommission auf, die f\u00fcr den europ\u00e4ischen Einigungsprozess wichtig sind: Erziehung zur Demokratie und Toleranz, die Erhaltung der Menschenrechte und Grundfreiheiten, der Schutz von Minderheiten und die Wahrung des kulturellen Erbes. Durch Vermittlung der Lehrkr\u00e4fte will der Wettbewerb eine m\u00f6glichst gro\u00dfe Sch\u00fclerzahl erreichen und bewusst machen, dass es eine Dimension im Bildungssektor aller auf dem Kontinent lebenden V\u00f6lker gibt, so Scherpf.<\/p>\n<p>In ganz Deutschland nahmen mehr als 70\u00a0000 Sch\u00fclerinnen und Sch\u00fcler aus 1130 Schulen teil. Allein fast 20\u00a0000 Teilnehmer aus 190 Schulen stellte der Freistaat Bayern. Aus dem Regierungsbezirk Unterfranken waren 20 Schulen pr\u00e4sent, 194 Arbeiten erhielten einen Landesieg.<\/p>\n<p>Einen solchen erhielten am Frobenius-Gymnasium Jette Talke (5. Klasse), Jakob Rakovski, Luisa Kre\u00df und Sophia Thust (alle 6. Klasse), Christoph Strehler (7. Klasse), Chantal-Sophie Genzler sowie Emily Kress und Svenja Emmerth (alle 9. Klasse). Von der Grundschule am M\u00f6nchsturm d\u00fcrfen sich Hannes Schaub, Viviane Siller, Vincent Hauk und Lena Resenberger mit der Landessieger-Urkunde schm\u00fccken.<\/p>\n<p>Scherpfs Dank galt den jungen Akteuren wie auch den unterst\u00fctzenden Lehrkr\u00e4ften und Schulbeauftragten Oschmann-Hockgeiger. Die Ehrung auf Bezirksebene findet am Montag, 17. Juli, im Dalberg-Gymnasium in Aschaffenburg statt.<\/p>\n<p>&nbsp;<\/p>\n<p class=\"tinymce_own04\">Bericht u. Foto: Main Post \/ W.Ehling<\/p>\n","protected":false},"excerpt":{"rendered":"<p>\u00dcber gute Teilnehmerzahlen am Europ\u00e4ischen Wettbewerb der Schulen freute sich der Vorsitzende der Europa-Union Hammelburg<\/p>\n","protected":false},"author":15,"featured_media":735,"comment_status":"closed","ping_status":"closed","sticky":false,"template":"","format":"standard","meta":[],"categories":[1],"tags":[],"acf":[],"_links":{"self":[{"href":"https:\/\/eu-bayern.de\/kvhammelburg\/wp-json\/wp\/v2\/posts\/734"}],"collection":[{"href":"https:\/\/eu-bayern.de\/kvhammelburg\/wp-json\/wp\/v2\/posts"}],"about":[{"href":"https:\/\/eu-bayern.de\/kvhammelburg\/wp-json\/wp\/v2\/types\/post"}],"author":[{"embeddable":true,"href":"https:\/\/eu-bayern.de\/kvhammelburg\/wp-json\/wp\/v2\/users\/15"}],"replies":[{"embeddable":true,"href":"https:\/\/eu-bayern.de\/kvhammelburg\/wp-json\/wp\/v2\/comments?post=734"}],"version-history":[{"count":1,"href":"https:\/\/eu-bayern.de\/kvhammelburg\/wp-json\/wp\/v2\/posts\/734\/revisions"}],"predecessor-version":[{"id":754,"href":"https:\/\/eu-bayern.de\/kvhammelburg\/wp-json\/wp\/v2\/posts\/734\/revisions\/754"}],"wp:featuredmedia":[{"embeddable":true,"href":"https:\/\/eu-bayern.de\/kvhammelburg\/wp-json\/wp\/v2\/media\/735"}],"wp:attachment":[{"href":"https:\/\/eu-bayern.de\/kvhammelburg\/wp-json\/wp\/v2\/media?parent=734"}],"wp:term":[{"taxonomy":"category","embeddable":true,"href":"https:\/\/eu-bayern.de\/kvhammelburg\/wp-json\/wp\/v2\/categories?post=734"},{"taxonomy":"post_tag","embeddable":true,"href":"https:\/\/eu-bayern.de\/kvhammelburg\/wp-json\/wp\/v2\/tags?post=734"}],"curies":[{"name":"wp","href":"https:\/\/api.w.org\/{rel}","templated":true}]}}