{"id":560,"date":"2019-02-27T22:00:51","date_gmt":"2019-02-27T21:00:51","guid":{"rendered":"https:\/\/eu-bayern.de\/kvhammelburg\/?p=560"},"modified":"2019-02-27T22:00:51","modified_gmt":"2019-02-27T21:00:51","slug":"fragen-an-einen-umweltexperten","status":"publish","type":"post","link":"https:\/\/eu-bayern.de\/kvhammelburg\/fragen-an-einen-umweltexperten\/","title":{"rendered":"Fragen an einen Umweltexperten"},"content":{"rendered":"<p class=\"tinymce_own02\">Die Europa-Union Hammelburg hatte Hans-Josef Fell als Gast im Europa-Haus. Im Rahmen eines Fr\u00fchschoppens den der Arbeitskreises f\u00fcr Politik und Gesellschaft (APG) ausrichtete, trug der inzwischen weltweit bekannte Hammelburger vor.<\/p>\n<p>Fell ist ein Experte in Umweltfragen. Seine Expertise, seine Sicht auf Klima, Energie und Umwelt, ist von Politikern, Wissenschaftlern, Industriellen und Spitzenbeamten vieler Staaten gefragt. Unser Planet ist bedroht. Nicht durch Au\u00dferirdische, sondern durch eine wachsende Zivilisation die keine Grenzen zu kennen scheint. Bedarf und Verbrauch an Rohstoffen dieser Erde ist ins Unermessliche gestiegen. Die Folgen sind abzusch\u00e4tzen. Schl\u00fcsse sind zu ziehen. Die Verantwortlichen in den L\u00e4ndern sind aufgewacht.<br \/>\n1952 in Hammelburg geboren, schon als Sch\u00fcler f\u00fcr alle die Umwelt und das \u00dcberleben der Menschheit ber\u00fchrenden Fragen offen, studierte er nach dem Abitur Physik und Sport, war Stadt- und Kreisrat, von 1998 bis 2013 Mitglied des Deutschen Bundestages. In Aussch\u00fcssen und Gremien eingebunden, war er ein Vorreiter und Sprecher f\u00fcr existenzielle Themen die \u00fcber die Tagespolitik hinauswiesen und die eine bessere Welt f\u00fcr alle Menschen nicht aus den Augen lie\u00df. Fell war nie Handlanger der Konzerne. Auch in seiner eigenen Partei, B\u00dcNDNIS 90\/DIE GR\u00dcNEN war er manchmal unbequem. Er nahm nie ein Blatt vor den Mund, wenn es darum ging, Probleme und deren Verursacher zu benennen. Bei Problemen blieb er nicht stehen. Fell suchte und fand L\u00f6sungen.<br \/>\nNach seinem Ausscheiden aus dem Parlament im Jahr 2013, hat sich die Internationalit\u00e4t von Hans-Josef Fell erweitert. Im Jahre 2018 erhielt er aus China einen hoch dotierten Preis.<br \/>\nFell ist ein Vordenker. Sein Denkansatz ist strategisch. Das hei\u00dft, er hat das gro\u00dfe Ganze im Blick: das \u00dcberleben der Menschheit in einer Zeit in der wachsende Weltbev\u00f6lkerung mit uners\u00e4ttlichem Hunger nach Energie f\u00fcr stetig wachsenden Volkswirtschaften. Die nat\u00fcrlichen und fossilen Rohstoffe sind in ihrer Verf\u00fcgbarkeit begrenzt. Lagerst\u00e4tten ersch\u00f6pfen sich. Im Verbrennungsprozess, von Kohle, \u00d6l und Erdgas werden Schadstoffe in bedrohlichem Umfang freigesetzt.<br \/>\nJedes Schulkind wei\u00df heute um die Sch\u00e4dlichkeit der fossilen Brennstoffe. Luftverschmutzung, Treibhauseffekt, Klimawandel. Die Folgen sind gef\u00fcrchtet. Sie machen den Menschen Angst. Wir sind alle als Verbraucher T\u00e4ter und Opfer in einem.<br \/>\nDie Erderw\u00e4rmung scheint unaufhaltsam und damit das Ansteigen des Meeresspiegels. Das Klima schl\u00e4gt Kapriolen sagen die Forscher. Die Sommer werden aufs Ganze gesehen hei\u00dfer, die Winter k\u00e4lter. Man denke an die extremen Wetterlagen in den USA in den letzten Jahren. Die W\u00fcstengebiete dehnen sich weiter aus. Permfrost der in Sibirien im Dauerfrostboden Methan bindet, eines jener gef\u00fcrchteten Treibhausgase, wird erw\u00e4rmt und gibt gasf\u00f6rmige Stoffe in gigantischen Mengen in die Atmosph\u00e4re frei.<br \/>\nSeiner Zeit voraus, hat Fell bereits in den siebziger Jahren auf die Gewinnung von erneuerbaren Energien hingewiesen.<br \/>\nAn erster Stelle steht f\u00fcr Fell die Solarenergie, die uns die Sonne Tag f\u00fcr Tag neu schenkt. Eine steigende Zahl Photovoltaikanlagen auf D\u00e4chern und als Gro\u00dfanlagen auf freiem Feld, sind Hinweise auf ein Umdenken in Deutschland. Fell wird nicht m\u00fcde immer wieder auf diese Chance hinzuweisen, endlich in einem kraftvollen Anlauf die fossilen Brennstoffe hinter sich zu lassen und so rasch als m\u00f6glich eine hundertprozentige Stromversorgung durch erneuerbare Energiequellen zu erreichen. Dazu z\u00e4hlt Fell selbstverst\u00e4ndlich auch Windstromanlagen die ebenso Energie ins Netz einspeisen, wie Wasserkraft und Erdw\u00e4rme. \u201eWir k\u00f6nnten weiter vorangekommen sein, wenn die Politik diese mit mehr Durchschlagskraft durchsetzen w\u00fcrde\u201c, res\u00fcmiert Fell.<br \/>\nWas f\u00fcr ein Kraftakt war vor kurzem erforderlich um den Kohleausstieg in Deutschland so hinzubekommen, dass alle Beteiligten dem Pakt zustimmen konnten. Der Interessenausgleich mit den Stromkonzernen kostet den Steuerzahler Milliarden. Marktwirtschaftlich ist das Problem nicht l\u00f6sbar. Der Staat springt ein. Man denke an die Bankenrettung.<br \/>\nNeuestes statistisches Material steht Fell zur Verf\u00fcgung. In vielen wissenschaftlichen Institutionen, oft Universit\u00e4ten und Technischen Hochschulen angegliedert, arbeitet Fell mit. Er ist ein weltweit gesch\u00e4tzter \u00fcberzeugender Redner. Sein Rat wird weltweit geh\u00f6rt. Vortr\u00e4ge und Lehrauftr\u00e4ge sind f\u00fcr Fell die wesentlichen Aufgaben seines Lebens, denen sich der Siebenundsechzigj\u00e4hrige stellt. Kompetent, sachlich, die Leidenschaft f\u00fcr die Sache durch Kontrolle seiner Emotionen immer fest im Griff. In der ganzen Welt zuhause.<br \/>\nFell ist zugleich ein politischer Kopf. Er erkl\u00e4rte den Zuh\u00f6rern wie Energielieferungen oder deren Verweigerung zu geopolitischen Verwerfungen f\u00fchren. Fell sieht darin eine Gefahr f\u00fcr den Frieden in Europa.<br \/>\nDas j\u00fcngste Beispiel. Die Ablehnung der USA und Polens gegen den Bau der Erdgaspipeline North Stream II. Nationale Interessen dominieren die Politik. Erd\u00f6l und Erdgas sind ein Riesengesch\u00e4ft in dem vornehmlich US- Konzerne Milliarden verdienen.<br \/>\nDass der Deutsche Bundestag \u00fcberhaupt ein Gesetz \u201eErneuerbare Energien\u201c (EEG) auf den Weg brachte, das ist ein Verdienst Fells, zu einer Zeit, als er als MdB Umweltpolitischer Sprecher B\u00dcNDNIS 90\/DIE GR\u00dcNEN war. Ein Sprung nach vorn. Dieses moderne Gesetz f\u00f6rdert den Ausbau erneuerbarer Energien. Es regelt die bevorzugte Einspeisung von Strom aus erneuerbaren Quellen ins Stromnetz. Das EEG garantiert den Erzeugern feste Einspeiseverg\u00fctung.<br \/>\nFell beklagt, dass die anf\u00e4ngliche hoffnungsvolle Herstellung von Solarzellen in Deutschland inzwischen nach China abwanderte. Er hielt der Bundesregierung ihre verfehlte Wirtschaftspolitik vor.<br \/>\nDer langandauernde Streit Russlands und der Ukraine rankt sich um Energie-Abh\u00e4ngigkeiten und finanzielle Erpressung des Schw\u00e4cheren. Fell sagte, \u201edie Abh\u00e4ngigkeiten der Europ\u00e4ischen Union und der Ukraine von russischen Energielieferungen wird als ein Instrument der Politik eingesetzt. Der vollst\u00e4ndige Umstieg auf Erneuerbare Energien wird nicht nur den klimapolitischen Durchbruch bringen, sondern auch den Missbrauch der Energieabh\u00e4ngigkeit als politische Waffe beenden\u201c. Fell nannte Erneuerbare Energien Energien des Friedens. Auch f\u00fcr Europa. \u201eWo \u00d6l, da ist auch Krieg\u201c.<br \/>\n\u00d6l- und gasf\u00f6rdernde L\u00e4nder haben verst\u00e4ndlicherweise kein Interesse an Erneuerbaren Energien. Im Gegenteil.<br \/>\nIn fortschrittlichen Staaten dagegen, wie Japan und Kanada, hat ein Umdenken stattgefunden. Auch China hat verstanden, dass seine riesigen Kohlekraftwerke zur Verstromung der Kohle und f\u00fcr die Heizungen der privaten Haushalte in ihren Millionenst\u00e4dten ein Ende finden muss. Die Luftbelastung ist f\u00fcr Mensch und Umwelt unertr\u00e4glich.<br \/>\nGro\u00dfangelegte Aufforstungen in Teilen der Welt sind ein Mittel um das Kohlendioxyd im Boden und im Blattwerk der B\u00e4ume zu binden. Dazu geh\u00f6rt China und Kanada, die sich mehr und mehr ihrer Verantwortung bewusst werden. Die Flotten der Busse f\u00fcr den Nahverkehr sind in diesen L\u00e4ndern fast vollst\u00e4ndig auf Elektroantrieb umgestellt. Australien hat sich das ehrgeizige Ziel gesetzt, im Jahre 2033 zu 100 Prozent mit Erneuerbaren Energien auszukommen.<br \/>\nFell erw\u00e4hnte den hohen Verbrauch von Schwer\u00f6l in der Schifffahrt. Kerosin wird in einer weltweiten Luftflotte von etwa 35.000 Passagiermaschinen verbrannt, die sch\u00e4dlichen R\u00fcckst\u00e4nde tragen ihren Teil zur Erderw\u00e4rmung und Luftverschmutzung bei.<br \/>\nWarum werden Atomkraftwerke rund um die Welt nicht abgeschaltet ? Auch darauf hatte Fell eine Antwort. In diesen Anlagen wird, neben der Stromerzeugung, waffenf\u00e4higes, spaltbares Material erzeugt. Sei es zum Antrieb der Atom-U-Boote und \u2013Schiffe oder in den Atomsprengk\u00f6pfen. Auch Pakistan und Indien geh\u00f6ren l\u00e4ngst in den Kreis der Atomm\u00e4chte.<br \/>\nWie erwartet, kamen zahlreiche Mitglieder und Freunde der Europa-Union. Die Diskussion mit Fell wurde ernsthaft und sachlich gef\u00fchrt. Beifall war Hans-Josef Fell sicher. Ein Vormittag, der die Anwesenden nachdenklich stimmte.<br \/>\nHans-Josef Fell ist seit vielen Jahren Mitglied der Europa-Union in Hammelburg.<\/p>\n<p>Dieter Galm<\/p>\n","protected":false},"excerpt":{"rendered":"<p>Die Europa-Union Hammelburg hatte Hans-Josef Fell als Gast im Europa-Haus. Im Rahmen des Arbeitskreises f\u00fcr Politik und Gesellschaft trug der inzwischen weltweit bekannte Hammelburger vor.<\/p>\n","protected":false},"author":2,"featured_media":559,"comment_status":"closed","ping_status":"closed","sticky":false,"template":"","format":"standard","meta":[],"categories":[1],"tags":[],"acf":[],"_links":{"self":[{"href":"https:\/\/eu-bayern.de\/kvhammelburg\/wp-json\/wp\/v2\/posts\/560"}],"collection":[{"href":"https:\/\/eu-bayern.de\/kvhammelburg\/wp-json\/wp\/v2\/posts"}],"about":[{"href":"https:\/\/eu-bayern.de\/kvhammelburg\/wp-json\/wp\/v2\/types\/post"}],"author":[{"embeddable":true,"href":"https:\/\/eu-bayern.de\/kvhammelburg\/wp-json\/wp\/v2\/users\/2"}],"replies":[{"embeddable":true,"href":"https:\/\/eu-bayern.de\/kvhammelburg\/wp-json\/wp\/v2\/comments?post=560"}],"version-history":[{"count":0,"href":"https:\/\/eu-bayern.de\/kvhammelburg\/wp-json\/wp\/v2\/posts\/560\/revisions"}],"wp:featuredmedia":[{"embeddable":true,"href":"https:\/\/eu-bayern.de\/kvhammelburg\/wp-json\/wp\/v2\/media\/559"}],"wp:attachment":[{"href":"https:\/\/eu-bayern.de\/kvhammelburg\/wp-json\/wp\/v2\/media?parent=560"}],"wp:term":[{"taxonomy":"category","embeddable":true,"href":"https:\/\/eu-bayern.de\/kvhammelburg\/wp-json\/wp\/v2\/categories?post=560"},{"taxonomy":"post_tag","embeddable":true,"href":"https:\/\/eu-bayern.de\/kvhammelburg\/wp-json\/wp\/v2\/tags?post=560"}],"curies":[{"name":"wp","href":"https:\/\/api.w.org\/{rel}","templated":true}]}}