{"id":2387,"date":"2026-08-30T21:56:01","date_gmt":"2026-08-30T19:56:01","guid":{"rendered":"https:\/\/eu-hammelburg.de\/?p=2387"},"modified":"2026-08-30T21:57:55","modified_gmt":"2026-08-30T19:57:55","slug":"europa-und-seine-werte-was-den-jugendlichen-heute-wichtig-ist","status":"publish","type":"post","link":"https:\/\/eu-bayern.de\/kvhammelburg\/europa-und-seine-werte-was-den-jugendlichen-heute-wichtig-ist\/","title":{"rendered":"Europa und seine Werte: Was den Jugendlichen heute wichtig ist"},"content":{"rendered":"<p style=\"font-weight: 400\">Schon seit Jahren motiviert Europa viele Sch\u00fcler aus Hammelburg. Auch dieses Jahr beteiligten sich die Grundschule am M\u00f6nchsturm, die Jakob-Kaiser Realschule und das Frobenius-Gymnasium am 73. Europ\u00e4ischen Wettbewerb unter dem Motto: Dein Europa: Recht, Respekt \u2013 Realit\u00e4t?!<\/p>\n<p style=\"font-weight: 400\">Laut Pressemitteilung zeigt der Europ\u00e4ische Wettbewerb auch in diesem Jahr eindrucksvoll, wie europapolitische Bildung lebendig und praxisnah gelingen kann. In insgesamt 13 Aufgaben setzten sich die Teilnehmenden k\u00fcnstlerisch und kritisch mit Themen wie Menschenrechte, Gleichberechtigung, gesellschaftlicher Zusammenhalt und demokratischen Prinzipien auseinander. Ihre Arbeiten greifen aktuelle Herausforderungen auf und formulieren klare Erwartungen an und f\u00fcr ein starkes, wertebasiertes Europa.<\/p>\n<p style=\"font-weight: 400\"><strong>Hohe Beteiligung<\/strong><\/p>\n<p style=\"font-weight: 400\">Die hohe Beteiligung von fast 75.000 Kindern und Jugendlichen aller Altersstufen aus ganz Deutschland unterstreicht die anhaltende Relevanz des Wettbewerbs, so die Pressemitteilung.<\/p>\n<p style=\"font-weight: 400\">Die Siegerinnen und Sieger dieses \u00e4ltesten Sch\u00fclerwettbewerbs in Deutschland \u2013 es gibt ihn seit dem Jahr 1954 \u2013 wurden nun traditionell vom Kreisverband der Europa-Union Hammelburg zum Pizzaessen in das Europa-Haus am Viehmarkt eingeladen. Die Vorstandsmitglieder, vertreten durch Albrecht Leurer, Toni K\u00f6hler, Ulli und Josef Bach sowie Ursel und Rudi Romanczyk sorgten f\u00fcr Pizza und Getr\u00e4nke.<\/p>\n<p style=\"font-weight: 400\">Die Schulbeauftragte der Europa-Union Hammelburg, Sabine Oschmann-Hockgeiger dankte den unterst\u00fctzenden Lehrerinnen Martina Leuerer, Sonja Vierheilig, Rica E\u00dfel, Heike Schneider und Gabi Herrmanns sowie aus den Schulleitungen Simone Albert, Stefan Mohr und Dr. Erich Dietrich f\u00fcr die Motivation der Sch\u00fclerinnen und Sch\u00fcler.<\/p>\n<p style=\"font-weight: 400\"><strong>Bilder pr\u00e4sentiert<\/strong><\/p>\n<p style=\"font-weight: 400\">Im Anschluss pr\u00e4sentierten die ihre Bilder mit den jeweiligen Gedanken, die sie sich bei der Gestaltung gemacht haben.<\/p>\n<p style=\"font-weight: 400\">Sabine Oschmann-Hockgeiger \u00fcberreichte den Preistr\u00e4gern ein Geldgeschenk, altersgem\u00e4\u00dfes Europa Infomaterial sowie den teilnehmenden Klassen f\u00fcr die Klassenkasse eine Geldpr\u00e4mie, die vom EU-Kreisverband Hammelburg gesponsert wurde.<\/p>\n<p style=\"font-weight: 400\">Die Preistr\u00e4ger des Europa-Wettbewerbs 2026 sind:<\/p>\n<p style=\"font-weight: 400\">Grundschule Hammelburg: Joah Dausacker (1. Klasse), Lina Stolz 1, Ida Halbritter 1 und Aurelia P\u00fctz 4.<\/p>\n<p style=\"font-weight: 400\">Jakob-Kaiser-Realschule Hammelburg: Felix Schultheis.<\/p>\n<p><span style=\"font-weight: 400\">Frobenius-Gymnasium Hammelburg: Lenya Thust 8, Mathis Sander 8, Andrea Offner 9, Luisa Greubel 11, Bayan Al Salman 12, Aya Al Saman 12, Emilia Heusinger 12, Larissa Reidunger 12, Jonas B\u00fcttner 13, Sophia Warnke 13.<\/span><\/p>\n<p>Text: Sabine Oschmann-Hockgeiger<\/p>\n","protected":false},"excerpt":{"rendered":"<p>Schon seit Jahren motiviert Europa viele Sch\u00fcler aus Hammelburg. Auch dieses Jahr beteiligten sich die Grundschule am M\u00f6nchsturm, die Jakob-Kaiser Realschule und das Frobenius-Gymnasium am 73. Europ\u00e4ischen Wettbewerb unter dem Motto: Dein Europa: Recht, Respekt \u2013 Realit\u00e4t?!<\/p>\n","protected":false},"author":42,"featured_media":2389,"comment_status":"closed","ping_status":"closed","sticky":false,"template":"","format":"standard","meta":[],"categories":[1],"tags":[],"acf":[],"_links":{"self":[{"href":"https:\/\/eu-bayern.de\/kvhammelburg\/wp-json\/wp\/v2\/posts\/2387"}],"collection":[{"href":"https:\/\/eu-bayern.de\/kvhammelburg\/wp-json\/wp\/v2\/posts"}],"about":[{"href":"https:\/\/eu-bayern.de\/kvhammelburg\/wp-json\/wp\/v2\/types\/post"}],"author":[{"embeddable":true,"href":"https:\/\/eu-bayern.de\/kvhammelburg\/wp-json\/wp\/v2\/users\/42"}],"replies":[{"embeddable":true,"href":"https:\/\/eu-bayern.de\/kvhammelburg\/wp-json\/wp\/v2\/comments?post=2387"}],"version-history":[{"count":1,"href":"https:\/\/eu-bayern.de\/kvhammelburg\/wp-json\/wp\/v2\/posts\/2387\/revisions"}],"predecessor-version":[{"id":2391,"href":"https:\/\/eu-bayern.de\/kvhammelburg\/wp-json\/wp\/v2\/posts\/2387\/revisions\/2391"}],"wp:featuredmedia":[{"embeddable":true,"href":"https:\/\/eu-bayern.de\/kvhammelburg\/wp-json\/wp\/v2\/media\/2389"}],"wp:attachment":[{"href":"https:\/\/eu-bayern.de\/kvhammelburg\/wp-json\/wp\/v2\/media?parent=2387"}],"wp:term":[{"taxonomy":"category","embeddable":true,"href":"https:\/\/eu-bayern.de\/kvhammelburg\/wp-json\/wp\/v2\/categories?post=2387"},{"taxonomy":"post_tag","embeddable":true,"href":"https:\/\/eu-bayern.de\/kvhammelburg\/wp-json\/wp\/v2\/tags?post=2387"}],"curies":[{"name":"wp","href":"https:\/\/api.w.org\/{rel}","templated":true}]}}