{"id":2292,"date":"2026-04-13T21:48:12","date_gmt":"2026-04-13T19:48:12","guid":{"rendered":"https:\/\/eu-hammelburg.de\/?p=2292"},"modified":"2026-04-26T22:17:22","modified_gmt":"2026-04-26T20:17:22","slug":"mitgliederversammlung-2026-weichen-gestellt-fuer-ein-starkes-europa-vor-ort","status":"publish","type":"post","link":"https:\/\/eu-bayern.de\/kvhammelburg\/mitgliederversammlung-2026-weichen-gestellt-fuer-ein-starkes-europa-vor-ort\/","title":{"rendered":"Mitgliederversammlung 2026: Weichen gestellt f\u00fcr ein starkes Europa vor Ort"},"content":{"rendered":"<p data-start=\"0\" data-end=\"478\">Die Europa-Union Kreisverband Hammelburg e. V. hielt am 27. Februar 2026 ihre ordentliche Mitgliederversammlung im Landgasthof \u201eZum Stern\u201c in Obererthal ab. 74 der insgesamt 330 Mitglieder nahmen teil. Die Versammlung wurde von Sebastian Kleinhenz geleitet. Nach Feststellung der ordnungsgem\u00e4\u00dfen Ladung und Beschlussf\u00e4higkeit wurden die Tagesordnung beschlossen und der Verstorbenen gedacht. Gru\u00dfworte aus Politik und Gesellschaft unterstrichen die Bedeutung der Arbeit vor Ort.<\/p>\n<p data-start=\"480\" data-end=\"828\">Der Vorstand berichtete \u00fcber die Aktivit\u00e4ten des vergangenen Jahres. Erg\u00e4nzend wurde \u00fcber den Arbeitskreis Politik und Gesellschaft sowie den Europ\u00e4ischen Wettbewerb informiert. Der Schatzmeister legte eine solide Finanzlage dar, die von den Kassenpr\u00fcfern ohne Beanstandungen best\u00e4tigt wurde. Vorstand und Schatzmeister wurden einstimmig entlastet.<\/p>\n<p data-start=\"830\" data-end=\"1092\">Die Mitgliederversammlung beschloss zudem einstimmig Satzungs\u00e4nderungen. K\u00fcnftig ist auch die Mitgliedschaft von juristischen Personen und Vereinigungen m\u00f6glich. Au\u00dferdem wurde die Grundlage f\u00fcr Umlagen zur Finanzierung au\u00dfergew\u00f6hnlicher Aufwendungen geschaffen.<\/p>\n<p data-start=\"1094\" data-end=\"1492\" data-is-last-node=\"\" data-is-only-node=\"\">Bei den Neuwahlen wurden Christof Hirt, Sebastian Kleinhenz und Albrecht Leurer als gleichberechtigte Vorst\u00e4nde best\u00e4tigt, Anton K\u00f6hler als Schatzmeister wiedergew\u00e4hlt. Weitere Funktionen konnten ebenfalls besetzt werden. H\u00f6hepunkte waren die Ehrungen langj\u00e4hriger Mitglieder sowie der Ausblick auf zahlreiche Veranstaltungen und das Jubil\u00e4umsjahr 2026. Die Versammlung schloss mit der Europahymne.<\/p>\n<p data-start=\"1094\" data-end=\"1492\" data-is-last-node=\"\" data-is-only-node=\"\"><span class=\" fusion-imageframe imageframe-none imageframe-1 hover-type-none\"><img width=\"800\" height=\"600\" src=\"https:\/\/eu-hammelburg.de\/wp-content\/uploads\/sites\/10\/2026\/04\/EU-Jubi-10Jahre_P2270603.jpg\" alt class=\"img-responsive wp-image-2295\"\/><\/span><div class=\"awb-imageframe-caption-container\"><div class=\"awb-imageframe-caption\"><p class=\"awb-imageframe-caption-text\">Ehrung f\u00fcr 10 Jahre Mitgliedschaft.<\/p><\/div><\/div><\/p>\n<p data-start=\"1094\" data-end=\"1492\" data-is-last-node=\"\" data-is-only-node=\"\"><span class=\" fusion-imageframe imageframe-none imageframe-2 hover-type-none\"><img width=\"800\" height=\"533\" src=\"https:\/\/eu-hammelburg.de\/wp-content\/uploads\/sites\/10\/2026\/04\/EU-Jubi-20Jahre_IMG_2086.jpg\" alt class=\"img-responsive wp-image-2299\"\/><\/span><div class=\"awb-imageframe-caption-container\"><div class=\"awb-imageframe-caption\"><p class=\"awb-imageframe-caption-text\">Ehrung f\u00fcr 20 Jahre Mitgliedschaft.<\/p><\/div><\/div><\/p>\n<p data-start=\"1094\" data-end=\"1492\" data-is-last-node=\"\" data-is-only-node=\"\"><span class=\" fusion-imageframe imageframe-none imageframe-3 hover-type-none\"><img width=\"800\" height=\"600\" src=\"https:\/\/eu-hammelburg.de\/wp-content\/uploads\/sites\/10\/2026\/04\/EU-Jubi-50Jahr_P2270606.jpg\" alt class=\"img-responsive wp-image-2297\"\/><\/span><div class=\"awb-imageframe-caption-container\"><div class=\"awb-imageframe-caption\"><p class=\"awb-imageframe-caption-text\">Ehrung f\u00fcr 50 Jahre Mitgliedschaft.<\/p><\/div><\/div><\/p>\n<p data-start=\"1094\" data-end=\"1492\" data-is-last-node=\"\" data-is-only-node=\"\"><span class=\" fusion-imageframe imageframe-none imageframe-4 hover-type-none\"><img width=\"800\" height=\"600\" src=\"https:\/\/eu-hammelburg.de\/wp-content\/uploads\/sites\/10\/2026\/04\/EU-Jubi-70Jahre_P2270607.jpg\" alt class=\"img-responsive wp-image-2296\"\/><\/span><div class=\"awb-imageframe-caption-container\"><div class=\"awb-imageframe-caption\"><p class=\"awb-imageframe-caption-text\">Ehrung f\u00fcr 70 Jahre Mitgliedschaft.<\/p><\/div><\/div><\/p>\n<p data-start=\"1094\" data-end=\"1492\" data-is-last-node=\"\" data-is-only-node=\"\"><span class=\" fusion-imageframe imageframe-none imageframe-5 hover-type-none\"><img width=\"800\" height=\"600\" src=\"https:\/\/eu-hammelburg.de\/wp-content\/uploads\/sites\/10\/2026\/04\/P2270601.jpg\" alt class=\"img-responsive wp-image-2298\"\/><\/span><div class=\"awb-imageframe-caption-container\"><div class=\"awb-imageframe-caption\"><p class=\"awb-imageframe-caption-text\">V.l.n.r.: Christof Hirt, Albrecht Leurer, Dieter Galm, Edgar Hirt, Birgit K\u00f6\u00dfling (EUD-Bundesgesch\u00e4ftsf\u00fchrerin), Sebastian Kleinhenz<\/p><\/div><\/div><\/p>\n<p data-start=\"1094\" data-end=\"1492\" data-is-last-node=\"\" data-is-only-node=\"\">\n","protected":false},"excerpt":{"rendered":"<p>Die Europa-Union Kreisverband Hammelburg e. V. hielt am 27. Februar 2026 ihre ordentliche Mitgliederversammlung im Landgasthof \u201eZum Stern\u201c in Obererthal ab. 74 der insgesamt 330 Mitglieder nahmen teil.<\/p>\n","protected":false},"author":42,"featured_media":2294,"comment_status":"closed","ping_status":"closed","sticky":false,"template":"","format":"standard","meta":[],"categories":[1],"tags":[],"acf":[],"_links":{"self":[{"href":"https:\/\/eu-bayern.de\/kvhammelburg\/wp-json\/wp\/v2\/posts\/2292"}],"collection":[{"href":"https:\/\/eu-bayern.de\/kvhammelburg\/wp-json\/wp\/v2\/posts"}],"about":[{"href":"https:\/\/eu-bayern.de\/kvhammelburg\/wp-json\/wp\/v2\/types\/post"}],"author":[{"embeddable":true,"href":"https:\/\/eu-bayern.de\/kvhammelburg\/wp-json\/wp\/v2\/users\/42"}],"replies":[{"embeddable":true,"href":"https:\/\/eu-bayern.de\/kvhammelburg\/wp-json\/wp\/v2\/comments?post=2292"}],"version-history":[{"count":1,"href":"https:\/\/eu-bayern.de\/kvhammelburg\/wp-json\/wp\/v2\/posts\/2292\/revisions"}],"predecessor-version":[{"id":2304,"href":"https:\/\/eu-bayern.de\/kvhammelburg\/wp-json\/wp\/v2\/posts\/2292\/revisions\/2304"}],"wp:featuredmedia":[{"embeddable":true,"href":"https:\/\/eu-bayern.de\/kvhammelburg\/wp-json\/wp\/v2\/media\/2294"}],"wp:attachment":[{"href":"https:\/\/eu-bayern.de\/kvhammelburg\/wp-json\/wp\/v2\/media?parent=2292"}],"wp:term":[{"taxonomy":"category","embeddable":true,"href":"https:\/\/eu-bayern.de\/kvhammelburg\/wp-json\/wp\/v2\/categories?post=2292"},{"taxonomy":"post_tag","embeddable":true,"href":"https:\/\/eu-bayern.de\/kvhammelburg\/wp-json\/wp\/v2\/tags?post=2292"}],"curies":[{"name":"wp","href":"https:\/\/api.w.org\/{rel}","templated":true}]}}