{"id":2187,"date":"2025-10-19T12:54:02","date_gmt":"2025-10-19T10:54:02","guid":{"rendered":"https:\/\/eu-hammelburg.de\/?p=2187"},"modified":"2025-10-19T13:15:24","modified_gmt":"2025-10-19T11:15:24","slug":"bezirksversammlung-der-europa-union-unterfranken","status":"publish","type":"post","link":"https:\/\/eu-bayern.de\/kvhammelburg\/bezirksversammlung-der-europa-union-unterfranken\/","title":{"rendered":"Bezirksversammlung der Europa Union Unterfranken"},"content":{"rendered":"<p style=\"font-weight: 400\">Die Europastadt R\u00f6ttingen war der Veranstaltungsort der Bezirksversammlung 2025. Bezirksvorsitzender Reinhard Schaupp konnte neben dem Kreisvorsitzenden Peter Metzger auch den stellvertretenden B\u00fcrgermeister Paul Mittnacht begr\u00fc\u00dfen.<\/p>\n<p style=\"font-weight: 400\">\u201eDie Botschaften des Hertensteiner Programms f\u00fcr ein f\u00f6derales, rechtsstaatliches und demokratisches Europa seien notwendiger denn je\u201c, so der Bezirksvorsitzende. Wir brauchen ein Europa, das nicht \u00fcber Sojaw\u00fcrste streitet, sondern \u201eein Europa, das seine \u00f6konomische auch in geopolitische Macht umwandelt\u201c, fordert Schaupp. Imperialismus und Protektion seien zur\u00fcck auf der Weltb\u00fchne. Die Europ\u00e4er m\u00fcssten entscheiden, in welcher Ordnung sie in Zukunft leben wollen. In einer von der urspr\u00fcnglichen Idee des Westens gepr\u00e4gten freiheitlichen Welt mit einer lebendigen Zivilgesellschaft oder in einem System in dem die Staatsmacht enge Grenzen setzt f\u00fcr Meinungsfreiheit und Unabh\u00e4ngigkeit der Justiz.<\/p>\n<p style=\"font-weight: 400\">Bei den Wahlen zum Bezirksvorstand wurden der Vorsitzende, seine Stellvertreter (Hannelore Bauer, Georg Oel und Joachim Kress) und der Schatzmeister Andreas Rug aus Bad Kissingen best\u00e4tigt. Als Beisitzer wurden gew\u00e4hlt Sybille Balonier-Werner, Herbert Hausmann, Georg Fath, Wolfgang Hugo, Peter Metzger und Willy Willeke. Ulrike Bach und Martin Steinl werden in Zukunft als Revisoren im Bezirksvorstand vertreten sein.<\/p>\n<p>Bericht: Winny Vogler (Bezirksgesch\u00e4ftsf\u00fchrer)<\/p>\n<style>.awb-imageframe-style.awb-imageframe-style-1 .awb-imageframe-caption-container .awb-imageframe-caption-text{margin-top:0.5em;}<\/style><span class=\" fusion-imageframe imageframe-none imageframe-1 hover-type-none\"><img width=\"800\" height=\"1067\" title=\"IMG_9331\" src=\"https:\/\/eu-hammelburg.de\/wp-content\/uploads\/sites\/10\/2025\/10\/IMG_9331.jpeg\" alt class=\"img-responsive wp-image-2191\"\/><\/span><div class=\"awb-imageframe-caption-container\"><div class=\"awb-imageframe-caption\"><h2 class=\"awb-imageframe-caption-title\"> <\/h2><p class=\"awb-imageframe-caption-text\">Gesch\u00e4ftsf\u00fchrender Vorstand mit Reinhard Schaupp (Hammelburg, Vorsitzender), Hannelore Bauer (Bad Kissingen), Joachim Kress (Schweinfurt), Georg Oel (Hammelburg) (alle drei stellvertretende Vorsitzende) und Wilfried Vogler (Schw\u00e4rzelbach, Bezirksgesch\u00e4ftsf\u00fchrer) Foto: Rita Schaupp<\/p><\/div><\/div>\n","protected":false},"excerpt":{"rendered":"<p>Die Europastadt R\u00f6ttingen war der Veranstaltungsort der Bezirksversammlung 2025. Bezirksvorsitzender Reinhard Schaupp konnte neben dem Kreisvorsitzenden Peter Metzger auch den stellvertretenden B\u00fcrgermeister Paul Mittnacht begr\u00fc\u00dfen.<\/p>\n","protected":false},"author":42,"featured_media":2188,"comment_status":"closed","ping_status":"closed","sticky":false,"template":"","format":"standard","meta":[],"categories":[1],"tags":[],"acf":[],"_links":{"self":[{"href":"https:\/\/eu-bayern.de\/kvhammelburg\/wp-json\/wp\/v2\/posts\/2187"}],"collection":[{"href":"https:\/\/eu-bayern.de\/kvhammelburg\/wp-json\/wp\/v2\/posts"}],"about":[{"href":"https:\/\/eu-bayern.de\/kvhammelburg\/wp-json\/wp\/v2\/types\/post"}],"author":[{"embeddable":true,"href":"https:\/\/eu-bayern.de\/kvhammelburg\/wp-json\/wp\/v2\/users\/42"}],"replies":[{"embeddable":true,"href":"https:\/\/eu-bayern.de\/kvhammelburg\/wp-json\/wp\/v2\/comments?post=2187"}],"version-history":[{"count":2,"href":"https:\/\/eu-bayern.de\/kvhammelburg\/wp-json\/wp\/v2\/posts\/2187\/revisions"}],"predecessor-version":[{"id":2203,"href":"https:\/\/eu-bayern.de\/kvhammelburg\/wp-json\/wp\/v2\/posts\/2187\/revisions\/2203"}],"wp:featuredmedia":[{"embeddable":true,"href":"https:\/\/eu-bayern.de\/kvhammelburg\/wp-json\/wp\/v2\/media\/2188"}],"wp:attachment":[{"href":"https:\/\/eu-bayern.de\/kvhammelburg\/wp-json\/wp\/v2\/media?parent=2187"}],"wp:term":[{"taxonomy":"category","embeddable":true,"href":"https:\/\/eu-bayern.de\/kvhammelburg\/wp-json\/wp\/v2\/categories?post=2187"},{"taxonomy":"post_tag","embeddable":true,"href":"https:\/\/eu-bayern.de\/kvhammelburg\/wp-json\/wp\/v2\/tags?post=2187"}],"curies":[{"name":"wp","href":"https:\/\/api.w.org\/{rel}","templated":true}]}}