{"id":2167,"date":"2025-08-25T10:11:44","date_gmt":"2025-08-25T08:11:44","guid":{"rendered":"https:\/\/eu-hammelburg.de\/?p=2167"},"modified":"2025-08-25T10:15:19","modified_gmt":"2025-08-25T08:15:19","slug":"saale-zeitung-berichtet-17-landespreise-beim-kreativwettbewerb-der-europa-union","status":"publish","type":"post","link":"https:\/\/eu-bayern.de\/kvhammelburg\/saale-zeitung-berichtet-17-landespreise-beim-kreativwettbewerb-der-europa-union\/","title":{"rendered":"Saale Zeitung berichtet: &#8222;17 Landespreise beim Kreativwettbewerb der EU&#8220;"},"content":{"rendered":"<p>Die Saale Zeitung berichtet \u00fcber den diesj\u00e4hrigen Europ\u00e4ischen Wettbewerb.\u00a0Teilgenommen haben die Grundschule am M\u00f6nchsturm, erstmals wieder die Realschule und das Frobenius-Gymnasium. Themen waren Datenschutz, Frieden oder Nahrungsmittelsicherheit.<\/p>\n<p><strong>Zum Artikel:<\/strong> <a href=\"https:\/\/www.fraenkischertag.de\/lokales\/landkreis-bad-kissingen\/rat-wissen\/junge-leute-entdecken-und-gestalten-europa-17-landespreise-beim-kreativwettbewerb-art-462617\">https:\/\/www.fraenkischertag.de\/lokales\/landkreis-bad-kissingen\/rat-wissen\/junge-leute-entdecken-und-gestalten-europa-17-landespreise-beim-kreativwettbewerb-art-462617<\/a><\/p>\n","protected":false},"excerpt":{"rendered":"<p>Die Saale Zeitung berichtet \u00fcber den diesj\u00e4hrigen Europ\u00e4ischen Wettbewerb.\u00a0Teilgenommen haben die Grundschule am M\u00f6nchsturm, erstmals wieder die Realschule und das Frobenius-Gymnasium. Themen waren Datenschutz, Frieden [&hellip;]<\/p>\n","protected":false},"author":42,"featured_media":0,"comment_status":"closed","ping_status":"closed","sticky":false,"template":"","format":"standard","meta":[],"categories":[1],"tags":[],"acf":[],"_links":{"self":[{"href":"https:\/\/eu-bayern.de\/kvhammelburg\/wp-json\/wp\/v2\/posts\/2167"}],"collection":[{"href":"https:\/\/eu-bayern.de\/kvhammelburg\/wp-json\/wp\/v2\/posts"}],"about":[{"href":"https:\/\/eu-bayern.de\/kvhammelburg\/wp-json\/wp\/v2\/types\/post"}],"author":[{"embeddable":true,"href":"https:\/\/eu-bayern.de\/kvhammelburg\/wp-json\/wp\/v2\/users\/42"}],"replies":[{"embeddable":true,"href":"https:\/\/eu-bayern.de\/kvhammelburg\/wp-json\/wp\/v2\/comments?post=2167"}],"version-history":[{"count":1,"href":"https:\/\/eu-bayern.de\/kvhammelburg\/wp-json\/wp\/v2\/posts\/2167\/revisions"}],"predecessor-version":[{"id":2170,"href":"https:\/\/eu-bayern.de\/kvhammelburg\/wp-json\/wp\/v2\/posts\/2167\/revisions\/2170"}],"wp:attachment":[{"href":"https:\/\/eu-bayern.de\/kvhammelburg\/wp-json\/wp\/v2\/media?parent=2167"}],"wp:term":[{"taxonomy":"category","embeddable":true,"href":"https:\/\/eu-bayern.de\/kvhammelburg\/wp-json\/wp\/v2\/categories?post=2167"},{"taxonomy":"post_tag","embeddable":true,"href":"https:\/\/eu-bayern.de\/kvhammelburg\/wp-json\/wp\/v2\/tags?post=2167"}],"curies":[{"name":"wp","href":"https:\/\/api.w.org\/{rel}","templated":true}]}}