{"id":2075,"date":"2025-04-06T20:01:26","date_gmt":"2025-04-06T18:01:26","guid":{"rendered":"https:\/\/eu-hammelburg.de\/?p=2075"},"modified":"2025-04-06T20:01:26","modified_gmt":"2025-04-06T18:01:26","slug":"zeitungsbericht-zur-mitgliederversammlung-langjaehrige-mitglieder-geehrt","status":"publish","type":"post","link":"https:\/\/eu-bayern.de\/kvhammelburg\/zeitungsbericht-zur-mitgliederversammlung-langjaehrige-mitglieder-geehrt\/","title":{"rendered":"Zeitungsbericht zur Mitgliederversammlung: &#8222;Langj\u00e4hrige Mitglieder geehrt&#8220;"},"content":{"rendered":"<p>Die Saale Zeitung hat \u00fcber unsere Mitgliederversammlung berichtet. Vielen Dank an Winfried Ehling f\u00fcr seinen Artikel.<\/p>\n<p>&#8222;Der Kreisverband der Europa-Union Hammelburg lebt die Idee des gemeinsamen, demokratischen und friedlichen Europas. Davon sind nicht nur der Vorstand, sondern auch die Mitglieder \u00fcberzeugt, die zur Jahreshauptversammlung im Saal des Gasthauses &#8218;Zum Stern&#8216; zusammenkamen &#8230;&#8220;<\/p>\n<p>Der ganze Artikel kann hier gelesen werden: <a href=\"https:\/\/www.fraenkischertag.de\/lokales\/landkreis-bad-kissingen\/kultur-freizeit\/der-kreisverband-der-europa-union-hammelburg-traf-sich-zur-jahreshauptversammlung-art-433933\">https:\/\/www.fraenkischertag.de\/lokales\/landkreis-bad-kissingen\/kultur-freizeit\/der-kreisverband-der-europa-union-hammelburg-traf-sich-zur-jahreshauptversammlung-art-433933<\/a><\/p>\n","protected":false},"excerpt":{"rendered":"<p>Die Saale Zeitung hat \u00fcber unsere Mitgliederversammlung berichtet. Vielen Dank an Winfried Ehling f\u00fcr seinen Artikel. &#8222;Der Kreisverband der Europa-Union Hammelburg lebt die Idee des [&hellip;]<\/p>\n","protected":false},"author":42,"featured_media":0,"comment_status":"closed","ping_status":"closed","sticky":false,"template":"","format":"standard","meta":[],"categories":[1],"tags":[],"acf":[],"_links":{"self":[{"href":"https:\/\/eu-bayern.de\/kvhammelburg\/wp-json\/wp\/v2\/posts\/2075"}],"collection":[{"href":"https:\/\/eu-bayern.de\/kvhammelburg\/wp-json\/wp\/v2\/posts"}],"about":[{"href":"https:\/\/eu-bayern.de\/kvhammelburg\/wp-json\/wp\/v2\/types\/post"}],"author":[{"embeddable":true,"href":"https:\/\/eu-bayern.de\/kvhammelburg\/wp-json\/wp\/v2\/users\/42"}],"replies":[{"embeddable":true,"href":"https:\/\/eu-bayern.de\/kvhammelburg\/wp-json\/wp\/v2\/comments?post=2075"}],"version-history":[{"count":1,"href":"https:\/\/eu-bayern.de\/kvhammelburg\/wp-json\/wp\/v2\/posts\/2075\/revisions"}],"predecessor-version":[{"id":2076,"href":"https:\/\/eu-bayern.de\/kvhammelburg\/wp-json\/wp\/v2\/posts\/2075\/revisions\/2076"}],"wp:attachment":[{"href":"https:\/\/eu-bayern.de\/kvhammelburg\/wp-json\/wp\/v2\/media?parent=2075"}],"wp:term":[{"taxonomy":"category","embeddable":true,"href":"https:\/\/eu-bayern.de\/kvhammelburg\/wp-json\/wp\/v2\/categories?post=2075"},{"taxonomy":"post_tag","embeddable":true,"href":"https:\/\/eu-bayern.de\/kvhammelburg\/wp-json\/wp\/v2\/tags?post=2075"}],"curies":[{"name":"wp","href":"https:\/\/api.w.org\/{rel}","templated":true}]}}