{"id":1971,"date":"2024-07-27T14:13:40","date_gmt":"2024-07-27T12:13:40","guid":{"rendered":"https:\/\/eu-hammelburg.de\/?p=1971"},"modified":"2024-10-24T15:46:16","modified_gmt":"2024-10-24T13:46:16","slug":"wir-trauern-um-unseren-ehrenvorsitzenden-hans-dieter-scherpf","status":"publish","type":"post","link":"https:\/\/eu-bayern.de\/kvhammelburg\/wir-trauern-um-unseren-ehrenvorsitzenden-hans-dieter-scherpf\/","title":{"rendered":"Wir trauern um unseren Ehrenvorsitzenden Hans-Dieter Scherpf"},"content":{"rendered":"<p style=\"font-weight: 400\">In gro\u00dfer Trauer nehmen wir Abschied von unserem langj\u00e4hrigen Mitglied und Ehrenvorsitzenden des Kreisverbandes der Europa Union Hammelburg und des Bezirksverbandes der Europa Union Unterfranken.<strong>\u00a0\u00a0\u00a0\u00a0\u00a0\u00a0\u00a0\u00a0\u00a0\u00a0\u00a0\u00a0\u00a0\u00a0\u00a0\u00a0\u00a0\u00a0\u00a0\u00a0\u00a0\u00a0\u00a0\u00a0\u00a0\u00a0\u00a0\u00a0\u00a0\u00a0\u00a0\u00a0\u00a0\u00a0\u00a0\u00a0\u00a0\u00a0\u00a0\u00a0\u00a0\u00a0\u00a0 <\/strong><\/p>\n<p style=\"font-weight: 400\">Hans-Dieter trat 1988 der Europa Union Hammelburg bei. Schon nach kurzer Zeit wurde er in den Vorstand gew\u00e4hlt. Er war Stellvertreter von 2004 bis 2008. Danach \u00fcbernahm er das Amt des 1. Vorsitzenden bis 2022. F\u00fcr seine erfolgreiche T\u00e4tigkeit wurde er 2023 zum Ehrenvorsitzenden des Kreisverbandes gew\u00e4hlt.<\/p>\n<p style=\"font-weight: 400\">Von 2006 bis 2018 f\u00fchrte er zus\u00e4tzlich den Bezirksverband der Europa Union Unterfranken. Er \u00fcberzeugte bei seiner T\u00e4tigkeit durch Sachverstand und Flei\u00df. Die Durchf\u00fchrung des Europ\u00e4ischen Wettbewerbs f\u00fcr Sch\u00fcler in Unterfranken war ihm ein besonderes Anliegen. Daf\u00fcr waren seine guten Kontakte zur Bezirksregierung sehr wertvoll. Nach seinem Ausscheiden als Bezirksvorsitzender w\u00e4hlten ihn die Delegierten 2021 zum Ehrenvorsitzenden.<\/p>\n<p style=\"font-weight: 400\">Er hat viele Jahrzehnte der europ\u00e4ischen Idee gedient und politische Akzente gesetzt.\u00a0 Als engagierter Mitstreiter hat er sich f\u00fcr ein demokratisches, friedliches und geeintes Europa eingesetzt.<\/p>\n<p style=\"font-weight: 400\">F\u00fcr sein unerm\u00fcdliches und erfolgreiches Wirken wurde Hans-Dieter 2008 mit der Ehrennadel in Gold unseres Kreisverbandes und 2015 mit der Ehrennadel in Gold des Bundesverbandes ausgezeichnet. Die \u00dcberparteilichkeit seiner T\u00e4tigkeit wurde 2010 auch von der EVP-Fraktion des Europ\u00e4ischen Parlament, durch die Verleihung der Europamedaille gew\u00fcrdigt.<\/p>\n<p style=\"font-weight: 400\">Sein Andenken wird in der Europa Union fortbestehen.<\/p>\n","protected":false},"excerpt":{"rendered":"<p>In gro\u00dfer Trauer nehmen wir Abschied von unserem langj\u00e4hrigen Mitglied und Ehrenvorsitzenden des Kreisverbandes der Europa Union Hammelburg und des Bezirksverbandes der Europa Union Unterfranken.\u00a0\u00a0\u00a0\u00a0\u00a0\u00a0\u00a0\u00a0\u00a0\u00a0\u00a0\u00a0\u00a0\u00a0\u00a0\u00a0\u00a0\u00a0\u00a0\u00a0\u00a0\u00a0\u00a0\u00a0\u00a0\u00a0\u00a0\u00a0\u00a0\u00a0\u00a0\u00a0\u00a0\u00a0\u00a0\u00a0\u00a0\u00a0\u00a0\u00a0\u00a0\u00a0\u00a0 [&hellip;]<\/p>\n","protected":false},"author":42,"featured_media":1934,"comment_status":"closed","ping_status":"closed","sticky":false,"template":"","format":"standard","meta":[],"categories":[1],"tags":[],"acf":[],"_links":{"self":[{"href":"https:\/\/eu-bayern.de\/kvhammelburg\/wp-json\/wp\/v2\/posts\/1971"}],"collection":[{"href":"https:\/\/eu-bayern.de\/kvhammelburg\/wp-json\/wp\/v2\/posts"}],"about":[{"href":"https:\/\/eu-bayern.de\/kvhammelburg\/wp-json\/wp\/v2\/types\/post"}],"author":[{"embeddable":true,"href":"https:\/\/eu-bayern.de\/kvhammelburg\/wp-json\/wp\/v2\/users\/42"}],"replies":[{"embeddable":true,"href":"https:\/\/eu-bayern.de\/kvhammelburg\/wp-json\/wp\/v2\/comments?post=1971"}],"version-history":[{"count":1,"href":"https:\/\/eu-bayern.de\/kvhammelburg\/wp-json\/wp\/v2\/posts\/1971\/revisions"}],"predecessor-version":[{"id":1974,"href":"https:\/\/eu-bayern.de\/kvhammelburg\/wp-json\/wp\/v2\/posts\/1971\/revisions\/1974"}],"wp:featuredmedia":[{"embeddable":true,"href":"https:\/\/eu-bayern.de\/kvhammelburg\/wp-json\/wp\/v2\/media\/1934"}],"wp:attachment":[{"href":"https:\/\/eu-bayern.de\/kvhammelburg\/wp-json\/wp\/v2\/media?parent=1971"}],"wp:term":[{"taxonomy":"category","embeddable":true,"href":"https:\/\/eu-bayern.de\/kvhammelburg\/wp-json\/wp\/v2\/categories?post=1971"},{"taxonomy":"post_tag","embeddable":true,"href":"https:\/\/eu-bayern.de\/kvhammelburg\/wp-json\/wp\/v2\/tags?post=1971"}],"curies":[{"name":"wp","href":"https:\/\/api.w.org\/{rel}","templated":true}]}}