{"id":1872,"date":"2024-05-13T21:38:53","date_gmt":"2024-05-13T19:38:53","guid":{"rendered":"https:\/\/eu-hammelburg.de\/?p=1872"},"modified":"2024-05-13T21:54:23","modified_gmt":"2024-05-13T19:54:23","slug":"hammelburg-demonstriert-fuer-ein-demokratisches-europa","status":"publish","type":"post","link":"https:\/\/eu-bayern.de\/kvhammelburg\/hammelburg-demonstriert-fuer-ein-demokratisches-europa\/","title":{"rendered":"Hammelburg demonstriert f\u00fcr ein demokratisches Europa"},"content":{"rendered":"<p>Auf Einladung des Aktionskreises <strong><a href=\"https:\/\/www.aktionskreis-hammelburg.de\">&#8222;Gemeinsam stark f\u00fcr Demokratie&#8220;<\/a><\/strong> fanden sich am 8. Mai einige Hundert B\u00fcrgerinnen und B\u00fcrger auf dem Hammelburger Marktplatz ein. Die Europa Union Hammelburg sowie der Bezirksverband Unterfranken der Europa Union hatten die Veranstaltung federf\u00fchrend unterst\u00fctzt. Es gab u.a. einen Gemeinschaftsstand der Lebenshilfe, des Aktionskreises und der Europa Union. Viele weitere Organisationen hatten sich an der Kundgebung beteiligt.<\/p>\n<p><strong>Berichterstattung in den Medien:<\/strong><\/p>\n<ul>\n<li><strong><a href=\"https:\/\/www.fraenkischertag.de\/lokales\/landkreis-bad-kissingen\/politik\/hammelburg-demonstration-fuer-demokratie-in-europa-art-350226\">Saale Zeitung<\/a><\/strong><\/li>\n<li><strong><strong><a href=\"https:\/\/www.mainpost.de\/regional\/bad-kissingen\/hammelburg-demonstration-fuer-demokratie-in-europa-art-11487389\">Main Post<\/a><\/strong><\/strong><\/li>\n<\/ul>\n\n\t\t<style type=\"text\/css\">\n\t\t\t#gallery-1 {\n\t\t\t\tmargin: auto;\n\t\t\t}\n\t\t\t#gallery-1 .gallery-item {\n\t\t\t\tfloat: left;\n\t\t\t\tmargin-top: 10px;\n\t\t\t\ttext-align: center;\n\t\t\t\twidth: 50%;\n\t\t\t}\n\t\t\t#gallery-1 img {\n\t\t\t\tborder: 2px solid #cfcfcf;\n\t\t\t}\n\t\t\t#gallery-1 .gallery-caption {\n\t\t\t\tmargin-left: 0;\n\t\t\t}\n\t\t\t\/* see gallery_shortcode() in wp-includes\/media.php *\/\n\t\t<\/style>\n\t\t<div id='gallery-1' class='gallery galleryid-1872 gallery-columns-2 gallery-size-thumbnail'><dl class='gallery-item'>\n\t\t\t<dt class='gallery-icon landscape'>\n\t\t\t\t<a data-rel=\"iLightbox[postimages]\" data-title=\"IMG_3745\" data-caption=\"\" href='https:\/\/eu-bayern.de\/kvhammelburg\/hammelburg-demonstriert-fuer-ein-demokratisches-europa\/img_3745\/'><img width=\"360\" height=\"360\" src=\"https:\/\/eu-bayern.de\/kvhammelburg\/wp-content\/uploads\/sites\/10\/2024\/05\/IMG_3745-360x360.jpeg\" class=\"attachment-thumbnail size-thumbnail\" alt=\"\" \/><\/a>\n\t\t\t<\/dt><\/dl><dl class='gallery-item'>\n\t\t\t<dt class='gallery-icon landscape'>\n\t\t\t\t<a data-rel=\"iLightbox[postimages]\" data-title=\"IMG_3744\" data-caption=\"\" href='https:\/\/eu-bayern.de\/kvhammelburg\/hammelburg-demonstriert-fuer-ein-demokratisches-europa\/img_3744\/'><img width=\"360\" height=\"360\" src=\"https:\/\/eu-bayern.de\/kvhammelburg\/wp-content\/uploads\/sites\/10\/2024\/05\/IMG_3744-360x360.jpeg\" class=\"attachment-thumbnail size-thumbnail\" alt=\"\" \/><\/a>\n\t\t\t<\/dt><\/dl><br style=\"clear: both\" \/><dl class='gallery-item'>\n\t\t\t<dt class='gallery-icon landscape'>\n\t\t\t\t<a data-rel=\"iLightbox[postimages]\" data-title=\"IMG_3742\" data-caption=\"\" href='https:\/\/eu-bayern.de\/kvhammelburg\/hammelburg-demonstriert-fuer-ein-demokratisches-europa\/img_3742\/'><img width=\"360\" height=\"360\" src=\"https:\/\/eu-bayern.de\/kvhammelburg\/wp-content\/uploads\/sites\/10\/2024\/05\/IMG_3742-360x360.jpeg\" class=\"attachment-thumbnail size-thumbnail\" alt=\"\" \/><\/a>\n\t\t\t<\/dt><\/dl><dl class='gallery-item'>\n\t\t\t<dt class='gallery-icon landscape'>\n\t\t\t\t<a data-rel=\"iLightbox[postimages]\" data-title=\"IMG_0847\" data-caption=\"\" href='https:\/\/eu-bayern.de\/kvhammelburg\/hammelburg-demonstriert-fuer-ein-demokratisches-europa\/img_0847\/'><img width=\"360\" height=\"360\" src=\"https:\/\/eu-bayern.de\/kvhammelburg\/wp-content\/uploads\/sites\/10\/2024\/05\/IMG_0847-360x360.jpg\" class=\"attachment-thumbnail size-thumbnail\" alt=\"\" \/><\/a>\n\t\t\t<\/dt><\/dl><br style=\"clear: both\" \/>\n\t\t<\/div>\n\n<p>&nbsp;<\/p>\n","protected":false},"excerpt":{"rendered":"<p>Auf Einladung des Aktionskreises &#8222;Gemeinsam stark f\u00fcr Demokratie&#8220; fanden sich am 8. Mai einige Hundert B\u00fcrgerinnen und B\u00fcrger auf dem Hammelburger Marktplatz ein. Die Europa [&hellip;]<\/p>\n","protected":false},"author":42,"featured_media":1874,"comment_status":"closed","ping_status":"closed","sticky":false,"template":"","format":"standard","meta":[],"categories":[1],"tags":[],"acf":[],"_links":{"self":[{"href":"https:\/\/eu-bayern.de\/kvhammelburg\/wp-json\/wp\/v2\/posts\/1872"}],"collection":[{"href":"https:\/\/eu-bayern.de\/kvhammelburg\/wp-json\/wp\/v2\/posts"}],"about":[{"href":"https:\/\/eu-bayern.de\/kvhammelburg\/wp-json\/wp\/v2\/types\/post"}],"author":[{"embeddable":true,"href":"https:\/\/eu-bayern.de\/kvhammelburg\/wp-json\/wp\/v2\/users\/42"}],"replies":[{"embeddable":true,"href":"https:\/\/eu-bayern.de\/kvhammelburg\/wp-json\/wp\/v2\/comments?post=1872"}],"version-history":[{"count":1,"href":"https:\/\/eu-bayern.de\/kvhammelburg\/wp-json\/wp\/v2\/posts\/1872\/revisions"}],"predecessor-version":[{"id":1889,"href":"https:\/\/eu-bayern.de\/kvhammelburg\/wp-json\/wp\/v2\/posts\/1872\/revisions\/1889"}],"wp:featuredmedia":[{"embeddable":true,"href":"https:\/\/eu-bayern.de\/kvhammelburg\/wp-json\/wp\/v2\/media\/1874"}],"wp:attachment":[{"href":"https:\/\/eu-bayern.de\/kvhammelburg\/wp-json\/wp\/v2\/media?parent=1872"}],"wp:term":[{"taxonomy":"category","embeddable":true,"href":"https:\/\/eu-bayern.de\/kvhammelburg\/wp-json\/wp\/v2\/categories?post=1872"},{"taxonomy":"post_tag","embeddable":true,"href":"https:\/\/eu-bayern.de\/kvhammelburg\/wp-json\/wp\/v2\/tags?post=1872"}],"curies":[{"name":"wp","href":"https:\/\/api.w.org\/{rel}","templated":true}]}}