{"id":1866,"date":"2024-05-11T01:32:51","date_gmt":"2024-05-10T23:32:51","guid":{"rendered":"https:\/\/eu-hammelburg.de\/?p=1866"},"modified":"2024-05-11T01:32:51","modified_gmt":"2024-05-10T23:32:51","slug":"reisebericht-europa-union-besuchte-kolberg-polen","status":"publish","type":"post","link":"https:\/\/eu-bayern.de\/kvhammelburg\/reisebericht-europa-union-besuchte-kolberg-polen\/","title":{"rendered":"Reisebericht: Europa Union besuchte Kolberg (Polen)"},"content":{"rendered":"<p style=\"font-weight: 400\">Die Europa Union Kreisverband Hammelburg hatte zu einer Ausflugsfahrt nach Kolberg an der polnischen Ostseek\u00fcste geladen: Es fand eine sechst\u00e4gige Reise vom 25. \u2013 30. April statt, organisiert und zusammengestellt unter der bew\u00e4hrten Regie von Edgar Hirt.<\/p>\n<p style=\"font-weight: 400\">Am fr\u00fchen Donnerstagmorgen traten 53 Teilnehmer die 750 km lange Busreise an; nach angepassten, z.T. l\u00e4ngeren Pausen erreichte die Gruppe am sp\u00e4ten Nachmittag den Zielort: Kolberg (polnisch Kolobrzeg).<\/p>\n<p style=\"font-weight: 400\">Nach dem Einchecken konnte man sich im vor dem Hotel gelegenen Park mit einem wundersch\u00f6nen \u201eL\u00f6wenzahn \u2013 Brunnen\u201c die F\u00fc\u00dfe vertreten, bevor es zum Abendbuffet ging. Schon da zeigte sich, dass der Reiseleiter Edgar Hirt ein Hotel ausgesucht hat, das einiges bot: reichhaltiges Fr\u00fchst\u00fcck \u2013 und Abendbuffet, Schlagermusik live, Schwimmbad, Sauna, Bar, gro\u00dfz\u00fcgige Lobby.<\/p>\n<p style=\"font-weight: 400\">Der Freitag begann um 9 Uhr mit der Erkundung und dem Kennenlernen der Stadt Kolberg. Der versierte \u00f6rtliche Stadtf\u00fchrer N.N. brachte die Gruppe erst zum Hafen mit dem alten Leuchtturm, dann in die Innenstadt. Highlights waren unter anderem die Marienbasilika mit dem Taufbecken aus dem 14. Jh. und einem siebenarmigen Leuchter aus dem 16. Jh., sowie das an ein Schloss erinnernde Rathaus.<\/p>\n<p style=\"font-weight: 400\">Ein Tagesausflug entlang der westpommerschen K\u00fcste erlebte die Gruppe am Samstag. Auf dem Weg zur Insel Wollin mit der \u00f6rtlichen Reiseleiterin N.N. gab es einen Zwischenstopp in Rewal, ein K\u00fcstendorf und Kurort mit einem herrlichen Strand, einer ca. 70 m langen Br\u00fccke in die Ostsee, sowie die \u00dcberreste einer Kirchenruine \u00fcber den Strand, an der aufgezeigt wird, dass auch die Ostsee im Laufe der Zeit Land raubte, denn einst stand die Kirche mehrere hundert Meter vom Meer entfernt. Auf der Insel Wollin wurde das Seebad Misdroy besucht, da stand wohl der Fremdenverkehr an erster Stelle in Form einer 4 km langen Flaniermeile, im Mittelpunkt Gasth\u00e4user, Buden, St\u00e4nde, die alles M\u00f6gliche von Ramsch bis Fisch und \u00fcppige Torten anboten. Da konnte man kaufen und essen und essen und kaufen. Selbst auf der 300 m langen Seebr\u00fccke lagen Caf\u00e9s, Gesch\u00e4fte, Bars, Kneipen bis zum Ende; f\u00fcr alle sicherlich ein besonderes Erlebnis.<\/p>\n<p style=\"font-weight: 400\">Am Sonntag war Danzig angesagt. Die jeweils 250 km Fahrt war relativ kurzweilig, geschuldet dem Reiseleiter, der schon durch Kolberg f\u00fchrte. Er \u201eunterrichtete\u201c die Gruppe \u00fcber polnische Geschichte, \u00d6konomie und \u00d6kologie, au\u00dferdem referierte er \u00fcber die Stellung Polens in der EU, \u00fcber die polnische Akzeptanz und polnische Skepsis. Eine knapp zweist\u00fcndige F\u00fchrung durch die \u201eGoldene Stadt\u201c vermittelte den Reiseteilnehmern die wesentlichen Highlights: die historische Altstadt mit Langgasse und Mariengasse, den 400-j\u00e4hrigen Neptunbrunnen, das spitzt\u00fcrmige Rathaus. Besonders ausf\u00fchrlich wurde die Marienkirche vorgestellt, sie soll die h\u00f6chste Hallenkirche der Welt sein mit einem bald 700 j\u00e4hrigen Interieur und mit einer riesigen astronomischen Uhr aus dem 15. Jh. Schlie\u00dflich hatte die Gruppe noch zwei Stunden Zeit zur eigenen Erkundung Danzigs.<\/p>\n<p style=\"font-weight: 400\">Der letzte Tag in Kolberg bot Zeit f\u00fcr eigene Unternehmungen und f\u00fcr Einkaufsm\u00f6glichkeiten. Gemeinsam wurde noch eine Schifffahrt unternommen, die hinaus auf die Ostsee und durch den Kolberger Hafen f\u00fchrte.<\/p>\n<p style=\"font-weight: 400\">Ein Gro\u00dfteil der Reiseteilnehmer lie\u00df die Erlebnisse am sp\u00e4ten Abend in der Lobby Revue passieren. Mit vielen Eindr\u00fccken wurde am Dienstag die Heimreise angetreten. Ein extra Dank galt dem umsichtigen, geduldigen und versierten Busfahrer von GWK-Reisen, Gregor Liebelt. Dank wurde nochmals an Edgar Hirt von Anett Seegebrecht \u00a0ausgedr\u00fcckt, der im Bus \u00fcber die kommenden Europawahlen referierte. Der Tenor aller Businsassen war zum Abschluss: Wir gehen alle zur Europawahl.<\/p>\n","protected":false},"excerpt":{"rendered":"<p>Die Europa Union Kreisverband Hammelburg hatte zu einer Ausflugsfahrt nach Kolberg an der polnischen Ostseek\u00fcste geladen: Es fand eine sechst\u00e4gige Reise vom 25. \u2013 30. [&hellip;]<\/p>\n","protected":false},"author":42,"featured_media":1867,"comment_status":"closed","ping_status":"closed","sticky":false,"template":"","format":"standard","meta":[],"categories":[1],"tags":[],"acf":[],"_links":{"self":[{"href":"https:\/\/eu-bayern.de\/kvhammelburg\/wp-json\/wp\/v2\/posts\/1866"}],"collection":[{"href":"https:\/\/eu-bayern.de\/kvhammelburg\/wp-json\/wp\/v2\/posts"}],"about":[{"href":"https:\/\/eu-bayern.de\/kvhammelburg\/wp-json\/wp\/v2\/types\/post"}],"author":[{"embeddable":true,"href":"https:\/\/eu-bayern.de\/kvhammelburg\/wp-json\/wp\/v2\/users\/42"}],"replies":[{"embeddable":true,"href":"https:\/\/eu-bayern.de\/kvhammelburg\/wp-json\/wp\/v2\/comments?post=1866"}],"version-history":[{"count":1,"href":"https:\/\/eu-bayern.de\/kvhammelburg\/wp-json\/wp\/v2\/posts\/1866\/revisions"}],"predecessor-version":[{"id":1868,"href":"https:\/\/eu-bayern.de\/kvhammelburg\/wp-json\/wp\/v2\/posts\/1866\/revisions\/1868"}],"wp:featuredmedia":[{"embeddable":true,"href":"https:\/\/eu-bayern.de\/kvhammelburg\/wp-json\/wp\/v2\/media\/1867"}],"wp:attachment":[{"href":"https:\/\/eu-bayern.de\/kvhammelburg\/wp-json\/wp\/v2\/media?parent=1866"}],"wp:term":[{"taxonomy":"category","embeddable":true,"href":"https:\/\/eu-bayern.de\/kvhammelburg\/wp-json\/wp\/v2\/categories?post=1866"},{"taxonomy":"post_tag","embeddable":true,"href":"https:\/\/eu-bayern.de\/kvhammelburg\/wp-json\/wp\/v2\/tags?post=1866"}],"curies":[{"name":"wp","href":"https:\/\/api.w.org\/{rel}","templated":true}]}}