{"id":1851,"date":"2024-04-15T13:26:12","date_gmt":"2024-04-15T11:26:12","guid":{"rendered":"https:\/\/eu-hammelburg.de\/?p=1851"},"modified":"2024-04-15T13:31:06","modified_gmt":"2024-04-15T11:31:06","slug":"bericht-der-ersten-vorstandssitzung","status":"publish","type":"post","link":"https:\/\/eu-bayern.de\/kvhammelburg\/bericht-der-ersten-vorstandssitzung\/","title":{"rendered":"Bericht der ersten Vorstandssitzung"},"content":{"rendered":"<p style=\"font-weight: 400\"><em>Am 11.04.24 traf sich die Ende M\u00e4rz neu gew\u00e4hlte Vorstandschaft der Europa-Union im Europa-Haus in Hammelburg zur ersten gemeinsamen Sitzung.<\/em><\/p>\n<p>Nach einem Foto der fast vollst\u00e4ndigen Vorstandschaft wurde als einer der ersten zu fassenden Beschl\u00fcsse Ulrike Bach einstimmig als Gesch\u00e4ftsf\u00fchrerin von den Anwesenden f\u00fcr die n\u00e4chsten zwei Jahre in ihrer Position best\u00e4tigt.<br \/>\nAnschlie\u00dfend berichtete Anton K\u00f6hler sowohl erfreut \u00fcber den aktuellen Mitgliederstand als auch \u00fcber den Eintritt etlicher junger, engagierter Menschen in die Europa-Union.<\/p>\n<p>\u00dcber die kommende Kundgebung des Hammelburger Aktionsb\u00fcndnisses \u201cGemeinsam stark f\u00fcr Demokratie\u201c am 08.05.24 um 18h wurde sich angeregt ausgetauscht. An dieser Kundgebung will sich die Europa-Union Hammelburg e.V.\u00a0 mit einem eigenen Stand pr\u00e4sentieren, um die Wichtigkeit der kommenden Europawahl aufzuzeigen.<br \/>\nEine eingehende Pr\u00e4sentation der Arbeit der Europa-Union soll nach der Er\u00f6ffnung des B\u00fcrgerhauses mit der Ausstellung \u201cWertewanderweg\u201d erfolgen.<\/p>\n<p>Im weiteren Verlauf des Abends wurden die sechs Delegierten, die der Kreisverband Hammelburg zur Landesversammlung der Europa-Union Bayern vom 21.-23.06.24 nach N\u00fcrnberg entsendet, bestimmt.<br \/>\nDieter Lotze und Edgar Hirt berichteten von geplanten Reisen im Jahr 2024, die u.a. Anfang November nach Malta erfolgen. Eine Organisation von Tagesausfl\u00fcgen ist wegen ihrer gro\u00dfen Beliebtheit ebenso angedacht.<\/p>\n","protected":false},"excerpt":{"rendered":"<p>Am 11.04.24 traf sich die Ende M\u00e4rz neu gew\u00e4hlte Vorstandschaft der Europa-Union im Europa-Haus in Hammelburg zur ersten gemeinsamen Sitzung. Nach einem Foto der fast [&hellip;]<\/p>\n","protected":false},"author":42,"featured_media":1852,"comment_status":"closed","ping_status":"closed","sticky":false,"template":"","format":"standard","meta":[],"categories":[1],"tags":[],"acf":[],"_links":{"self":[{"href":"https:\/\/eu-bayern.de\/kvhammelburg\/wp-json\/wp\/v2\/posts\/1851"}],"collection":[{"href":"https:\/\/eu-bayern.de\/kvhammelburg\/wp-json\/wp\/v2\/posts"}],"about":[{"href":"https:\/\/eu-bayern.de\/kvhammelburg\/wp-json\/wp\/v2\/types\/post"}],"author":[{"embeddable":true,"href":"https:\/\/eu-bayern.de\/kvhammelburg\/wp-json\/wp\/v2\/users\/42"}],"replies":[{"embeddable":true,"href":"https:\/\/eu-bayern.de\/kvhammelburg\/wp-json\/wp\/v2\/comments?post=1851"}],"version-history":[{"count":1,"href":"https:\/\/eu-bayern.de\/kvhammelburg\/wp-json\/wp\/v2\/posts\/1851\/revisions"}],"predecessor-version":[{"id":1854,"href":"https:\/\/eu-bayern.de\/kvhammelburg\/wp-json\/wp\/v2\/posts\/1851\/revisions\/1854"}],"wp:featuredmedia":[{"embeddable":true,"href":"https:\/\/eu-bayern.de\/kvhammelburg\/wp-json\/wp\/v2\/media\/1852"}],"wp:attachment":[{"href":"https:\/\/eu-bayern.de\/kvhammelburg\/wp-json\/wp\/v2\/media?parent=1851"}],"wp:term":[{"taxonomy":"category","embeddable":true,"href":"https:\/\/eu-bayern.de\/kvhammelburg\/wp-json\/wp\/v2\/categories?post=1851"},{"taxonomy":"post_tag","embeddable":true,"href":"https:\/\/eu-bayern.de\/kvhammelburg\/wp-json\/wp\/v2\/tags?post=1851"}],"curies":[{"name":"wp","href":"https:\/\/api.w.org\/{rel}","templated":true}]}}