{"id":1826,"date":"2024-04-06T21:33:05","date_gmt":"2024-04-06T19:33:05","guid":{"rendered":"https:\/\/eu-hammelburg.de\/?p=1826"},"modified":"2024-04-06T21:45:39","modified_gmt":"2024-04-06T19:45:39","slug":"jaehrliche-mitgliederversammlung-mit-neuwahlen","status":"publish","type":"post","link":"https:\/\/eu-bayern.de\/kvhammelburg\/jaehrliche-mitgliederversammlung-mit-neuwahlen\/","title":{"rendered":"Bericht der j\u00e4hrlichen Mitgliederversammlung mit Neuwahlen"},"content":{"rendered":"<p style=\"font-weight: 400\"><em>Zur j\u00e4hrlichen Mitgliederversammlung mit Neuwahlen und Ehrungen lud die Europa Union, Kreisverband Hammelburg e.V., am 21. M\u00e4rz 2024 in den Landgasthof Stern nach Obererthal.<\/em><\/p>\n<p style=\"font-weight: 400\">Einer der drei gleichberechtigten Vorsitzenden, Christof Hirt, begr\u00fc\u00dfte die Anwesenden, und ging in seiner Rede auf die entscheidende Zeit f\u00fcr Europa inmitten geopolitischer Konflikte ein. Er stellte heraus, wie die Europ\u00e4ische Union in der Vergangenheit es bew\u00e4ltigt habe, alle Herausforderungen zu meistern und dabei die Werte von Frieden, Solidarit\u00e4t und Demokratie zu bewahren. Ebenso stellte er die Wichtigkeit der bevorstehenden Wahlen in den Fokus und appellierte, die M\u00f6glichkeit die eigene Stimme zu erheben und abzugeben, wahrzunehmen und f\u00fcr ein st\u00e4rkeres, demokratischeres und gerechteres Europa zu stimmen.<\/p>\n<p style=\"font-weight: 400\">Christof Hirt dankte allen aktiven Mitgliedern, die auf verschiedensten Ebenen im vergangenen Jahr Engagement gezeigt hatten. Ein besonderer Dank ging an Josef Schellenberger f\u00fcr \u00fcber 20 Jahre Erstellung des Europa-Spiegels und der Pflege der Homepage (eu-hammelburg.de). In Zukunft werden sich Fabian Ham\u00e1k um die Homepage und Sebastian Kleinhenz um den Europa-Spiegel k\u00fcmmern. Die anwesenden Ehreng\u00e4ste, Landrat Thomas Bold, stellvertretender Landrat Gotthard Schlereth, B\u00fcrgermeister Armin Warmuth (Hammelburg), B\u00fcrgermeister Mario G\u00f6tz (Oberthulba) und B\u00fcrgermeister Ren\u00e9 Gerner (Fuchsstadt) unterstrichen mit ihren Gru\u00dfworten die weitreichenden und vielf\u00e4ltigen Errungenschaften der EU, auch f\u00fcr unsere Region, sowie den Beitrag der EU zu Frieden und Freiheit auf unserem Kontinent und die Bedeutung der kommenden Wahlen zur Sicherung als einen Ort der Stabilit\u00e4t und des Fortschritts.<\/p>\n<p style=\"font-weight: 400\">Ehrenvorsitzender Edgar Hirt, der zusammen mit Dieter Galm den Arbeitskreis \u201ePolitik und Gesellschaft\u201c betreut, lie\u00df das vergangene Jahr Revue passieren und bot einen Ausblick auf die kommenden Veranstaltungen sowie die angedachten Bildungsreisen. Gleichzeitig mahnte er an, nicht m\u00fcde zu werden, j\u00fcngere und aktive Mitglieder f\u00fcr die Zukunft Europas und der Europa Union zu begeistern.<\/p>\n<p style=\"font-weight: 400\">Im weiteren Verlauf des Abends fanden unter Leitung des Bezirksvorsitzenden und stellvertretenden Landesvorsitzenden, Dr. Reinhard Schaupp, die turnusm\u00e4\u00dfig anstehenden Wahlen aller Funktionen innerhalb des Kreisverbandes statt.<\/p>\n<p style=\"font-weight: 400\">Im Vorstand wurden als gleichberechtigte Vorsitzende Christof Hirt, Sebastian Kleinhenz und Albrecht Leurer best\u00e4tigt, ebenso wie der Kassier Anton K\u00f6hler. Stefanie Schneider und Claudia Beyrle wurden neu als Beisitzerinnen in den Vorstand gew\u00e4hlt. Weitere Beisitzer sind Ernst Deier, Rita Schaupp und Martin Steinel, die in ihrer Funktion best\u00e4tigt wurden. Kassenpr\u00fcfer bleiben Alexander K\u00f6hler sowie Beatrix Lieb. Dem Beirat geh\u00f6ren in Zukunft folgende Mitglieder an: Josef Bach, Margarete B\u00fcttner, Rudolf Deier, Hans-Joachim Kaiser, Winfried Kleinhenz, Beatrix Lieb, Dieter Lotze, Gertrud Reinisch, Rudolf und Ursula Romanczyk, Norbert Schaub, Birgit Schreiber, Doris Tobisch und Wilfried Vogler.<\/p>\n<p style=\"font-weight: 400\">Folgende Mitglieder wurden geehrt:<\/p>\n<p style=\"font-weight: 400\"><strong>Bronzene Ehrennadel f\u00fcr 10-j\u00e4hrige Mitgliedschaft<\/strong><\/p>\n<ul>\n<li style=\"font-weight: 400\">Heidi und Harald Bach<\/li>\n<li style=\"font-weight: 400\">Beatrix Lieb<\/li>\n<li style=\"font-weight: 400\">Eva Liegmann-Nonne<\/li>\n<li style=\"font-weight: 400\">Dr. Robert R\u00f6mmelt<\/li>\n<li style=\"font-weight: 400\">Rosemarie Veselinovic<\/li>\n<\/ul>\n<span class=\" fusion-imageframe imageframe-none imageframe-1 hover-type-none\"><img width=\"800\" height=\"600\" title=\"OLYMPUS DIGITAL CAMERA\" src=\"https:\/\/eu-hammelburg.de\/wp-content\/uploads\/sites\/10\/2024\/04\/10-Jahre-Bronze-Heidi-und-Harald-Bach-Beatrix-Lieb-Hannelore-Keidel-in-Vertretung-ihrer-Schwester-Rosemarie-Veselinovic.jpg\" alt class=\"img-responsive wp-image-1834\"\/><\/span>\n<p>&nbsp;<\/p>\n<p style=\"font-weight: 400\"><strong>Silberne Ehrennadel f\u00fcr 20-j\u00e4hrige Mitgliedschaft<\/strong><\/p>\n<ul>\n<li style=\"font-weight: 400\">Margarete B\u00fcttner<\/li>\n<\/ul>\n<span class=\" fusion-imageframe imageframe-none imageframe-2 hover-type-none\"><img width=\"800\" height=\"600\" title=\"OLYMPUS DIGITAL CAMERA\" src=\"https:\/\/eu-hammelburg.de\/wp-content\/uploads\/sites\/10\/2024\/04\/20-Jahre-Silber-Margarete-Buettner.jpg\" alt class=\"img-responsive wp-image-1828\"\/><\/span>\n<p>&nbsp;<\/p>\n<p style=\"font-weight: 400\"><strong>Goldene Ehrennadel f\u00fcr 30-j\u00e4hrige Mitgliedschaft<\/strong><\/p>\n<ul>\n<li style=\"font-weight: 400\">Christel Burdack-Corinth<\/li>\n<li style=\"font-weight: 400\">Alexandra K\u00f6hler<\/li>\n<li style=\"font-weight: 400\">Ingrid M\u00f6ller<\/li>\n<li style=\"font-weight: 400\">Wolfgang Raps<\/li>\n<li style=\"font-weight: 400\">Gertrud Reinisch<\/li>\n<li style=\"font-weight: 400\">Roswitha und Rudolf Schellenberger<\/li>\n<li style=\"font-weight: 400\">Johannes Traumann<\/li>\n<\/ul>\n<span class=\" fusion-imageframe imageframe-none imageframe-3 hover-type-none\"><img width=\"800\" height=\"600\" title=\"OLYMPUS DIGITAL CAMERA\" src=\"https:\/\/eu-hammelburg.de\/wp-content\/uploads\/sites\/10\/2024\/04\/30-Jahre-Gold-Johannes-Traumann-Gertrud-Reinisch-Christel-Burdack-Corinth-Roswitha-und-Rudolf-Schellenberger.jpg\" alt class=\"img-responsive wp-image-1832\"\/><\/span>\n<p>&nbsp;<\/p>\n<p style=\"font-weight: 400\"><strong>Ehrenurkunde f\u00fcr 40-j\u00e4hrige Mitgliedschaft<\/strong><\/p>\n<ul>\n<li style=\"font-weight: 400\">Barbara Michelbach<\/li>\n<li style=\"font-weight: 400\">Reiner Reu\u00df<\/li>\n<li style=\"font-weight: 400\">Hannelore Rohrsetzer<\/li>\n<li style=\"font-weight: 400\">Dr. Friedrich Sch\u00e4fer<\/li>\n<li style=\"font-weight: 400\">Doris Tobisch<\/li>\n<li style=\"font-weight: 400\">Margot Zwingmann<\/li>\n<\/ul>\n<span class=\" fusion-imageframe imageframe-none imageframe-4 hover-type-none\"><img width=\"800\" height=\"600\" title=\"OLYMPUS DIGITAL CAMERA\" src=\"https:\/\/eu-hammelburg.de\/wp-content\/uploads\/sites\/10\/2024\/04\/40-Jahre-Ehrenurkunde-Reiner-Reuss-Margot-Zwingmann-Doris-Tobisch-Hannelore-Rohrsetzer-Dr.-Friedrich-Schaefer.jpg\" alt class=\"img-responsive wp-image-1833\"\/><\/span>\n","protected":false},"excerpt":{"rendered":"<p>Zur j\u00e4hrlichen Mitgliederversammlung mit Neuwahlen und Ehrungen lud die Europa Union, Kreisverband Hammelburg e.V., am 21. M\u00e4rz 2024 in den Landgasthof Stern nach Obererthal. Einer [&hellip;]<\/p>\n","protected":false},"author":42,"featured_media":0,"comment_status":"closed","ping_status":"closed","sticky":false,"template":"","format":"standard","meta":[],"categories":[1],"tags":[],"acf":[],"_links":{"self":[{"href":"https:\/\/eu-bayern.de\/kvhammelburg\/wp-json\/wp\/v2\/posts\/1826"}],"collection":[{"href":"https:\/\/eu-bayern.de\/kvhammelburg\/wp-json\/wp\/v2\/posts"}],"about":[{"href":"https:\/\/eu-bayern.de\/kvhammelburg\/wp-json\/wp\/v2\/types\/post"}],"author":[{"embeddable":true,"href":"https:\/\/eu-bayern.de\/kvhammelburg\/wp-json\/wp\/v2\/users\/42"}],"replies":[{"embeddable":true,"href":"https:\/\/eu-bayern.de\/kvhammelburg\/wp-json\/wp\/v2\/comments?post=1826"}],"version-history":[{"count":1,"href":"https:\/\/eu-bayern.de\/kvhammelburg\/wp-json\/wp\/v2\/posts\/1826\/revisions"}],"predecessor-version":[{"id":1838,"href":"https:\/\/eu-bayern.de\/kvhammelburg\/wp-json\/wp\/v2\/posts\/1826\/revisions\/1838"}],"wp:attachment":[{"href":"https:\/\/eu-bayern.de\/kvhammelburg\/wp-json\/wp\/v2\/media?parent=1826"}],"wp:term":[{"taxonomy":"category","embeddable":true,"href":"https:\/\/eu-bayern.de\/kvhammelburg\/wp-json\/wp\/v2\/categories?post=1826"},{"taxonomy":"post_tag","embeddable":true,"href":"https:\/\/eu-bayern.de\/kvhammelburg\/wp-json\/wp\/v2\/tags?post=1826"}],"curies":[{"name":"wp","href":"https:\/\/api.w.org\/{rel}","templated":true}]}}