{"id":935,"date":"2024-09-30T20:35:27","date_gmt":"2024-09-30T18:35:27","guid":{"rendered":"https:\/\/eu-bayern.de\/kv-wuerzburg\/?p=935"},"modified":"2024-09-30T20:42:17","modified_gmt":"2024-09-30T18:42:17","slug":"langjaehriger-vorsitzender-anton-halbich-verstorben","status":"publish","type":"post","link":"https:\/\/eu-bayern.de\/kv-wuerzburg\/langjaehriger-vorsitzender-anton-halbich-verstorben\/","title":{"rendered":"Langj\u00e4hriger Vorsitzender Anton Halbich verstorben"},"content":{"rendered":"<p>Liebe Mitglieder der Europa-Union W\u00fcrzburg,<\/p>\n<p>&nbsp;<\/p>\n<p>wie einige von Ihnen durch die verschiedensten Kan\u00e4le bereits erfahren haben, ist unser langj\u00e4hriger Vorsitzender, Anton Halbich, Mitte August verstorben.<\/p>\n<p>Wir verlieren mit Anton einen der pr\u00e4gendsten K\u00f6pfe unseres Verbandes, der die Europa-Union W\u00fcrzburg nicht nur \u00fcber zwei Jahrzehnte gef\u00fchrt, sondern auch ma\u00dfgeblich gef\u00f6rdert und zu dem gemacht hat, was sie heute ist.<\/p>\n<p>Er wird immer einen Platz, in ehrendem Gedenken, in unsrem Kreisverband haben.<\/p>\n<p>Ein Requiem findet am <u>11. Oktober 2024 um 17:30 Uhr<\/u> im Neum\u00fcnster in W\u00fcrzburg statt.<\/p>\n<p>Ich w\u00fcrde mich sehr freuen, m\u00f6glichst viele Mitglieder dort zu sehen, um Anton Halbich im Namen seiner Europa-Union noch einmal zu ehren und ihm zu gedenken.<\/p>\n<p>&nbsp;<\/p>\n<p>Auch im Namen des Vorstandes<\/p>\n<p>Mit freundlichen Gr\u00fc\u00dfen<\/p>\n<p>Kevin Heymel<\/p>\n<p>-Vorsitzender-<\/p>\n","protected":false},"excerpt":{"rendered":"<p>Liebe Mitglieder der Europa-Union W\u00fcrzburg, &nbsp; wie einige von Ihnen durch die verschiedensten Kan\u00e4le bereits erfahren haben, ist unser langj\u00e4hriger Vorsitzender, Anton Halbich, Mitte August [&hellip;]<\/p>\n","protected":false},"author":40,"featured_media":937,"comment_status":"closed","ping_status":"closed","sticky":false,"template":"","format":"standard","meta":[],"categories":[1],"tags":[],"acf":[],"_links":{"self":[{"href":"https:\/\/eu-bayern.de\/kv-wuerzburg\/wp-json\/wp\/v2\/posts\/935"}],"collection":[{"href":"https:\/\/eu-bayern.de\/kv-wuerzburg\/wp-json\/wp\/v2\/posts"}],"about":[{"href":"https:\/\/eu-bayern.de\/kv-wuerzburg\/wp-json\/wp\/v2\/types\/post"}],"author":[{"embeddable":true,"href":"https:\/\/eu-bayern.de\/kv-wuerzburg\/wp-json\/wp\/v2\/users\/40"}],"replies":[{"embeddable":true,"href":"https:\/\/eu-bayern.de\/kv-wuerzburg\/wp-json\/wp\/v2\/comments?post=935"}],"version-history":[{"count":1,"href":"https:\/\/eu-bayern.de\/kv-wuerzburg\/wp-json\/wp\/v2\/posts\/935\/revisions"}],"predecessor-version":[{"id":940,"href":"https:\/\/eu-bayern.de\/kv-wuerzburg\/wp-json\/wp\/v2\/posts\/935\/revisions\/940"}],"wp:featuredmedia":[{"embeddable":true,"href":"https:\/\/eu-bayern.de\/kv-wuerzburg\/wp-json\/wp\/v2\/media\/937"}],"wp:attachment":[{"href":"https:\/\/eu-bayern.de\/kv-wuerzburg\/wp-json\/wp\/v2\/media?parent=935"}],"wp:term":[{"taxonomy":"category","embeddable":true,"href":"https:\/\/eu-bayern.de\/kv-wuerzburg\/wp-json\/wp\/v2\/categories?post=935"},{"taxonomy":"post_tag","embeddable":true,"href":"https:\/\/eu-bayern.de\/kv-wuerzburg\/wp-json\/wp\/v2\/tags?post=935"}],"curies":[{"name":"wp","href":"https:\/\/api.w.org\/{rel}","templated":true}]}}