{"id":500,"date":"2020-05-03T14:56:44","date_gmt":"2020-05-03T12:56:44","guid":{"rendered":"https:\/\/eu-bayern.de\/kv-wuerzburg\/?p=500"},"modified":"2020-05-05T21:56:47","modified_gmt":"2020-05-05T19:56:47","slug":"werner-loew-erhaelt-erhung","status":"publish","type":"post","link":"https:\/\/eu-bayern.de\/kv-wuerzburg\/werner-loew-erhaelt-erhung\/","title":{"rendered":"Werner Loew erh\u00e4lt Ehrung"},"content":{"rendered":"<p class=\"tinymce_own02\">Die Europa-Union W\u00fcrzburg hat ihr langj\u00e4hriges Mitglied aus der SPD-Stadtratsfraktion, Hans Werner Loew, zum Ehrenmitglied ernannt. Vorsitzender Anton Halbich M.A. \u00fcberreichte in einer kleinen Feierrunde die Urkunde, untermalt von den Kl\u00e4ngen der Europa-Hymne, die Erwin Kopp auf dem Saxophon spielte.<\/p>\n<p>Hans Werner Loew trat am 1. Juli 1974 der Europa-Union W\u00fcrzburg bei und hat als Volljurist, Regierungsdirektor, langj\u00e4hriges Mitglied des Landtages sowie als W\u00fcrzburger Stadtrat die Ideen und Ziele der Europa-Union W\u00fcrzburg e.V. mit langem Atem nachhaltig unterst\u00fctzt. \u201eDamit ist er zu einem F\u00f6rderer des Friedens in Europa geworden. Wir danken ihm daf\u00fcr!\u201c betonte der Kreisvorsitzende Anton Halbich in seiner Laudatio.<\/p>\n<p>Foto v.l.n.r. Johann Schlotter; Sabine Wolfinger; Ehrenmitglied Stadtrat Hans Werner Loew; Anton Halbich; Christine Buchberger, Ercan Erca<\/p>\n","protected":false},"excerpt":{"rendered":"<p>Die Europa-Union W\u00fcrzburg hat ihr langj\u00e4hriges Mitglied aus der SPD-Stadtratsfraktion, Hans Werner Loew, zum Ehrenmitglied ernannt. Vorsitzender Anton Halbich M.A. \u00fcberreichte in einer kleinen Feierrunde die Urkunde.<\/p>\n","protected":false},"author":2,"featured_media":499,"comment_status":"closed","ping_status":"closed","sticky":false,"template":"","format":"standard","meta":[],"categories":[1],"tags":[],"acf":[],"_links":{"self":[{"href":"https:\/\/eu-bayern.de\/kv-wuerzburg\/wp-json\/wp\/v2\/posts\/500"}],"collection":[{"href":"https:\/\/eu-bayern.de\/kv-wuerzburg\/wp-json\/wp\/v2\/posts"}],"about":[{"href":"https:\/\/eu-bayern.de\/kv-wuerzburg\/wp-json\/wp\/v2\/types\/post"}],"author":[{"embeddable":true,"href":"https:\/\/eu-bayern.de\/kv-wuerzburg\/wp-json\/wp\/v2\/users\/2"}],"replies":[{"embeddable":true,"href":"https:\/\/eu-bayern.de\/kv-wuerzburg\/wp-json\/wp\/v2\/comments?post=500"}],"version-history":[{"count":1,"href":"https:\/\/eu-bayern.de\/kv-wuerzburg\/wp-json\/wp\/v2\/posts\/500\/revisions"}],"predecessor-version":[{"id":505,"href":"https:\/\/eu-bayern.de\/kv-wuerzburg\/wp-json\/wp\/v2\/posts\/500\/revisions\/505"}],"wp:featuredmedia":[{"embeddable":true,"href":"https:\/\/eu-bayern.de\/kv-wuerzburg\/wp-json\/wp\/v2\/media\/499"}],"wp:attachment":[{"href":"https:\/\/eu-bayern.de\/kv-wuerzburg\/wp-json\/wp\/v2\/media?parent=500"}],"wp:term":[{"taxonomy":"category","embeddable":true,"href":"https:\/\/eu-bayern.de\/kv-wuerzburg\/wp-json\/wp\/v2\/categories?post=500"},{"taxonomy":"post_tag","embeddable":true,"href":"https:\/\/eu-bayern.de\/kv-wuerzburg\/wp-json\/wp\/v2\/tags?post=500"}],"curies":[{"name":"wp","href":"https:\/\/api.w.org\/{rel}","templated":true}]}}