{"id":408,"date":"2019-08-13T00:10:19","date_gmt":"2019-08-12T22:10:19","guid":{"rendered":"https:\/\/eu-bayern.de\/kv-donauwald\/?p=408"},"modified":"2019-08-13T00:10:19","modified_gmt":"2019-08-12T22:10:19","slug":"besuch-bei-airbus-defence-and-space-in-manching","status":"publish","type":"post","link":"https:\/\/eu-bayern.de\/kv-donauwald\/besuch-bei-airbus-defence-and-space-in-manching\/","title":{"rendered":"Besuch bei Airbus Defence and Space in Manching"},"content":{"rendered":"<p class=\"tinymce_own02\">Unter dem Motto \u201eUnternehmen als Innovationstr\u00e4ger in Europa\u201c machten wir uns auf den Weg zu Airbus nach Manching.<\/p>\n<p>Nach beeindruckend umfangreichen Sicherheitskontrollen und einer nichtsdestotrotz sehr herzlichen Begr\u00fc\u00dfung \u2013 in einem abh\u00f6rsicheren Raum &#8211; erhielten die G\u00e4ste eine hochspannende Pr\u00e4sentation durch Herrn Hilmar Eckert vom Head Communications &amp; Protocol Military Aircraft Centre Manching<br \/>\nInformiert wurde \u00fcber die Entstehungsgeschichte des Unternehmens, den Aufbau der AirbusGroup, das umfassende Produkt- und Leistungsspektrum sowie Forschungs- und Entwicklungsaktivit\u00e4ten am Standort Manching. Airbus \u2013 der gr\u00f6\u00dfte Flugzeughersteller in Europa &#8211; ist eine Europ\u00e4ische Aktiengesellschaft mit Sitz in Toulouse\/Frankreich. In Manching befindet sich der Gesch\u00e4ftsbereich Airbus Defense and Space; hier ist auch das Kompetenzzentrum f\u00fcr milit\u00e4rische Flugsysteme in Deutschland. Der Standort beherbergt das Eurofighter-Programm, au\u00dferdem werden in Manching alle Airbus-Flugzeuge gewartet, die bei der Luftwaffe im Einsatz sind. Die Forschungs- und Entwicklungsaktivit\u00e4ten im Bereich unbemannte Flugsysteme finden ebenfalls in Manching statt! Beispiele hierf\u00fcr sind der technologische Erprobungstr\u00e4ger Barracuda und innovative Demonstratoren wie der Quadcruiser. Airbus besch\u00e4ftigt in Manching derzeit 5.600 gr\u00f6\u00dftenteils hochqualifizierte Mitarbeiter. Die hohen Wachstumsraten in der Luftfahrtbranche, insbesondere die Zukunftskonzepte wie der unbemannte und individualisierte Luftverkehr, f\u00fchrten jedoch zu einem so stark steigenden Bedarf an hochqualifizierten MitarbeiterInnen, dass weitere Arbeitskr\u00e4fte, z. B. (aber nicht nur) Informatiker und Ingenieure f\u00fcr den Standort Manching dringend gesucht w\u00fcrden!<\/p>\n<p>Herr Eckert f\u00fchrte uns pers\u00f6nlich durch das sehr weitl\u00e4ufige Werksgel\u00e4nde. Aufgrund der insgesamt ca. 7 km zu bew\u00e4ltigenden Strecken war der Reisebus zur \u00dcberwindung der Distanzen notwendig! Nach Au\u00dfenbesichtigung der Forschungs- und Entwicklungszentren ging es zu den Flugzeug-Wartungshallen. Hier beeindruckte die Besucher vor allem die Wartung eines Airbus A400M, eines hochmodernen milit\u00e4rischen Transportflugzeuges, sichtlich! Den Abschluss bildete der Besuch des normalerweise nicht \u00f6ffentlich zug\u00e4nglichen Flugmuseums Messerschmitt auf dem Werksgel\u00e4nde, das einen Blick in die Vergangenheit der Luftfahrt erm\u00f6glichte. W\u00e4hrend der \u00fcber zweist\u00fcndigen F\u00fchrung, die allen dem Thema entsprechend \u201ewie im Flug\u201c verging, nutzten die Teilnehmer-\/innen erneut die Chance, zahlreiche Fragen an den hochkompetenten F\u00fchrer stellen zu d\u00fcrfen. Alle wurden von ihm geduldig beantwortet!<\/p>\n<p>Als ein langer, jedoch allen Besucherinnen und Besuchern \u00fcberaus interessant und kurzweilig erscheinender Nachmittag bei Europas gr\u00f6\u00dftem Flugzeugbauer und Flugsystemexperten schlie\u00dflich zu Ende ging, waren alle restlos begeistert!<\/p>\n<p>Zum Abschluss des Programms &#8211; und als Kontrast \u2013 kehrten die \u201eAusfl\u00fcgler in Sachen Airbus\u201c noch im \u201e\u00e4ltesten Wirtshaus der Welt\u201c, der Gastst\u00e4tte R\u00f6hrl in Eilsbrunn, ein und st\u00e4rkten sich in kulturhistorischem Ambiente bei sehr guten Speisen, Getr\u00e4nken und Service!<\/p>\n","protected":false},"excerpt":{"rendered":"<p>Unter dem Motto \u201eUnternehmen als Innovationstr\u00e4ger in Europa\u201c machte sich der Kreisverband Donauwald auf den Weg zu Airbus nach Manching.<\/p>\n","protected":false},"author":2,"featured_media":411,"comment_status":"closed","ping_status":"closed","sticky":false,"template":"","format":"standard","meta":[],"categories":[1],"tags":[],"acf":[],"_links":{"self":[{"href":"https:\/\/eu-bayern.de\/kv-donauwald\/wp-json\/wp\/v2\/posts\/408"}],"collection":[{"href":"https:\/\/eu-bayern.de\/kv-donauwald\/wp-json\/wp\/v2\/posts"}],"about":[{"href":"https:\/\/eu-bayern.de\/kv-donauwald\/wp-json\/wp\/v2\/types\/post"}],"author":[{"embeddable":true,"href":"https:\/\/eu-bayern.de\/kv-donauwald\/wp-json\/wp\/v2\/users\/2"}],"replies":[{"embeddable":true,"href":"https:\/\/eu-bayern.de\/kv-donauwald\/wp-json\/wp\/v2\/comments?post=408"}],"version-history":[{"count":1,"href":"https:\/\/eu-bayern.de\/kv-donauwald\/wp-json\/wp\/v2\/posts\/408\/revisions"}],"predecessor-version":[{"id":412,"href":"https:\/\/eu-bayern.de\/kv-donauwald\/wp-json\/wp\/v2\/posts\/408\/revisions\/412"}],"wp:featuredmedia":[{"embeddable":true,"href":"https:\/\/eu-bayern.de\/kv-donauwald\/wp-json\/wp\/v2\/media\/411"}],"wp:attachment":[{"href":"https:\/\/eu-bayern.de\/kv-donauwald\/wp-json\/wp\/v2\/media?parent=408"}],"wp:term":[{"taxonomy":"category","embeddable":true,"href":"https:\/\/eu-bayern.de\/kv-donauwald\/wp-json\/wp\/v2\/categories?post=408"},{"taxonomy":"post_tag","embeddable":true,"href":"https:\/\/eu-bayern.de\/kv-donauwald\/wp-json\/wp\/v2\/tags?post=408"}],"curies":[{"name":"wp","href":"https:\/\/api.w.org\/{rel}","templated":true}]}}