{"id":830,"date":"2024-11-13T19:43:36","date_gmt":"2024-11-13T18:43:36","guid":{"rendered":"https:\/\/eu-bayern.de\/kv-bad-toelz-wolfratshausen\/?p=830"},"modified":"2024-11-13T19:43:36","modified_gmt":"2024-11-13T18:43:36","slug":"stellungnahme-im-muenchner-merkur-anlaesslich-der-wahl-von-donald-trump-zum-47-praesidenten-der-usa","status":"publish","type":"post","link":"https:\/\/eu-bayern.de\/kv-bad-toelz-wolfratshausen\/stellungnahme-im-muenchner-merkur-anlaesslich-der-wahl-von-donald-trump-zum-47-praesidenten-der-usa\/","title":{"rendered":"Stellungnahme im M\u00fcnchner Merkur anl\u00e4sslich der Wahl von Donald Trump zum 47. Pr\u00e4sidenten der USA"},"content":{"rendered":"<p>Aus dem <a href=\"https:\/\/www.merkur.de\/lokales\/bad-toelz\/bad-toelz-ort28297\/wahl-von-donald-trump-vielleicht-kommen-die-reformen-schneller-93399175.html\">M\u00fcnchner Merkur<\/a>, 8. November 2024<\/p>\n<p>\u201eDie Wahrscheinlichkeit, dass es zu diesem Wahlergebnis kommt, war relativ hoch. Gehofft haben wir was Anderes. Europa ist jetzt gefordert, in kritischen Kernthemen eng zusammenzuarbeiten \u2013 gerade in Bereichen Verteidigung, Klimakrise, Z\u00f6lle und Welthandel. Das sind gro\u00dfe Herausforderungen, weil wir in Europa viele Schl\u00fcssel-Technologien nicht haben. Da ist sehr, sehr viel Geld und Initiative notwendig, um aufzuholen. Ein gro\u00dfer Weckruf an Europa, weniger \u00fcberraschend als vor acht Jahren. Immerhin sind jetzt schon mehr Strukturen geschaffen als 2016. Der positive Aspekt: Krisen helfen der EU, weiterzuwachsen. Das war schon bei den letzten Krisen so \u2013 man muss nur an die Finanzkrise, die erste Trump-Wahl oder den Brexit denken. Europa ist da nicht zerbrochen, und ich hoffe, dass es auch dieses Mal so ist.\u201c<\/p>\n","protected":false},"excerpt":{"rendered":"<p>Aus dem M\u00fcnchner Merkur, 8. November 2024 \u201eDie Wahrscheinlichkeit, dass es zu diesem Wahlergebnis kommt, war relativ hoch. Gehofft haben wir was Anderes. Europa ist [&hellip;]<\/p>\n","protected":false},"author":18,"featured_media":0,"comment_status":"closed","ping_status":"closed","sticky":false,"template":"","format":"standard","meta":[],"categories":[1],"tags":[],"acf":[],"_links":{"self":[{"href":"https:\/\/eu-bayern.de\/kv-bad-toelz-wolfratshausen\/wp-json\/wp\/v2\/posts\/830"}],"collection":[{"href":"https:\/\/eu-bayern.de\/kv-bad-toelz-wolfratshausen\/wp-json\/wp\/v2\/posts"}],"about":[{"href":"https:\/\/eu-bayern.de\/kv-bad-toelz-wolfratshausen\/wp-json\/wp\/v2\/types\/post"}],"author":[{"embeddable":true,"href":"https:\/\/eu-bayern.de\/kv-bad-toelz-wolfratshausen\/wp-json\/wp\/v2\/users\/18"}],"replies":[{"embeddable":true,"href":"https:\/\/eu-bayern.de\/kv-bad-toelz-wolfratshausen\/wp-json\/wp\/v2\/comments?post=830"}],"version-history":[{"count":1,"href":"https:\/\/eu-bayern.de\/kv-bad-toelz-wolfratshausen\/wp-json\/wp\/v2\/posts\/830\/revisions"}],"predecessor-version":[{"id":831,"href":"https:\/\/eu-bayern.de\/kv-bad-toelz-wolfratshausen\/wp-json\/wp\/v2\/posts\/830\/revisions\/831"}],"wp:attachment":[{"href":"https:\/\/eu-bayern.de\/kv-bad-toelz-wolfratshausen\/wp-json\/wp\/v2\/media?parent=830"}],"wp:term":[{"taxonomy":"category","embeddable":true,"href":"https:\/\/eu-bayern.de\/kv-bad-toelz-wolfratshausen\/wp-json\/wp\/v2\/categories?post=830"},{"taxonomy":"post_tag","embeddable":true,"href":"https:\/\/eu-bayern.de\/kv-bad-toelz-wolfratshausen\/wp-json\/wp\/v2\/tags?post=830"}],"curies":[{"name":"wp","href":"https:\/\/api.w.org\/{rel}","templated":true}]}}