{"id":802,"date":"2024-05-23T09:16:54","date_gmt":"2024-05-23T07:16:54","guid":{"rendered":"https:\/\/eu-bayern.de\/kv-bad-toelz-wolfratshausen\/?p=802"},"modified":"2024-05-23T09:16:54","modified_gmt":"2024-05-23T07:16:54","slug":"aufruf-zur-europawahl","status":"publish","type":"post","link":"https:\/\/eu-bayern.de\/kv-bad-toelz-wolfratshausen\/aufruf-zur-europawahl\/","title":{"rendered":"Aufruf zur Europawahl"},"content":{"rendered":"<p>Der Kreisverband Bad T\u00f6lz-Wolfratshausen ruft in der lokalen Presse die Bev\u00f6lkerung dazu auf, an der Europawahl teilzunehmen:<\/p>\n<p><a href=\"https:\/\/www.merkur.de\/lokales\/wolfratshausen\/wolfratshausen-ort29708\/europawahl-alexander-lippert-kreisvorsitzender-der-europa-union-ruft-zur-stimmabgabe-auf-93080565.html\" target=\"_blank\" rel=\"noopener\">Interview im M\u00fcnchner Merkur<\/a><\/p>\n","protected":false},"excerpt":{"rendered":"<p>Der Kreisverband Bad T\u00f6lz-Wolfratshausen ruft in der lokalen Presse die Bev\u00f6lkerung dazu auf, an der Europawahl teilzunehmen: Interview im M\u00fcnchner Merkur<\/p>\n","protected":false},"author":18,"featured_media":0,"comment_status":"closed","ping_status":"closed","sticky":false,"template":"","format":"standard","meta":[],"categories":[1],"tags":[],"acf":[],"_links":{"self":[{"href":"https:\/\/eu-bayern.de\/kv-bad-toelz-wolfratshausen\/wp-json\/wp\/v2\/posts\/802"}],"collection":[{"href":"https:\/\/eu-bayern.de\/kv-bad-toelz-wolfratshausen\/wp-json\/wp\/v2\/posts"}],"about":[{"href":"https:\/\/eu-bayern.de\/kv-bad-toelz-wolfratshausen\/wp-json\/wp\/v2\/types\/post"}],"author":[{"embeddable":true,"href":"https:\/\/eu-bayern.de\/kv-bad-toelz-wolfratshausen\/wp-json\/wp\/v2\/users\/18"}],"replies":[{"embeddable":true,"href":"https:\/\/eu-bayern.de\/kv-bad-toelz-wolfratshausen\/wp-json\/wp\/v2\/comments?post=802"}],"version-history":[{"count":1,"href":"https:\/\/eu-bayern.de\/kv-bad-toelz-wolfratshausen\/wp-json\/wp\/v2\/posts\/802\/revisions"}],"predecessor-version":[{"id":803,"href":"https:\/\/eu-bayern.de\/kv-bad-toelz-wolfratshausen\/wp-json\/wp\/v2\/posts\/802\/revisions\/803"}],"wp:attachment":[{"href":"https:\/\/eu-bayern.de\/kv-bad-toelz-wolfratshausen\/wp-json\/wp\/v2\/media?parent=802"}],"wp:term":[{"taxonomy":"category","embeddable":true,"href":"https:\/\/eu-bayern.de\/kv-bad-toelz-wolfratshausen\/wp-json\/wp\/v2\/categories?post=802"},{"taxonomy":"post_tag","embeddable":true,"href":"https:\/\/eu-bayern.de\/kv-bad-toelz-wolfratshausen\/wp-json\/wp\/v2\/tags?post=802"}],"curies":[{"name":"wp","href":"https:\/\/api.w.org\/{rel}","templated":true}]}}