{"id":702,"date":"2022-10-10T08:49:04","date_gmt":"2022-10-10T06:49:04","guid":{"rendered":"https:\/\/eu-bayern.de\/kv-bad-toelz-wolfratshausen\/?p=702"},"modified":"2022-10-10T08:49:04","modified_gmt":"2022-10-10T06:49:04","slug":"wanderung-zur-friedensglocke-moesern","status":"publish","type":"post","link":"https:\/\/eu-bayern.de\/kv-bad-toelz-wolfratshausen\/wanderung-zur-friedensglocke-moesern\/","title":{"rendered":"Wanderung zur Friedensglocke M\u00f6sern"},"content":{"rendered":"<p class=\"tinymce_own02\">Vor dem Hintergrund des russischen Angriffskriegs gegen die Ukraine unternahm der Kreisverband der Europa-Union Bad T\u00f6lz-Wolfratshausen am Samstag, den 8. Oktober, eine Wanderung zur Friedensglocke M\u00f6sern, die an die jahrzehntelange, friedliche und freundschaftliche Zusammenarbeit der L\u00e4nder des Alpenraums erinnert.<\/p>\n<p>Der Kreisverband w\u00fcrdigt damit die herausragende Bedeutung der Europ\u00e4ischen Union f\u00fcr die Schaffung und Wahrung eines friedlichen Miteinanders auf dem Kontinent, und sie mahnt zur weiteren Vertiefung der europ\u00e4ischen Einigung angesichts der Herausforderungen, denen sich die freiheitlichen Demokratien dieser Tage stellen m\u00fcssen.<\/p>\n<p>Die Wanderung erfolgte bei gutem Wetter mit knapp 20 Mitgliedern und Freunden des Kreisverbandes.<\/p>\n<div id=\"attachment_703\" style=\"width: 810px\" class=\"wp-caption alignnone\"><img aria-describedby=\"caption-attachment-703\" class=\"wp-image-703 size-full\" src=\"https:\/\/eu-bayern.de\/kv-bad-toelz-wolfratshausen\/wp-content\/uploads\/sites\/60\/2022\/10\/IMG_8290.jpg\" alt=\"\" width=\"800\" height=\"600\" \/><p id=\"caption-attachment-703\" class=\"wp-caption-text\"><a href=\"https:\/\/de.wikipedia.org\/wiki\/Friedensglocke_des_Alpenraumes\" target=\"_blank\" rel=\"noopener\">Friedensglocke M\u00f6sern<\/a><\/p><\/div>\n","protected":false},"excerpt":{"rendered":"<p>Wanderung des Kreisverbands Bad T\u00f6lz-Wolfratshausen zur Friedensglocke M\u00f6sern.<\/p>\n","protected":false},"author":18,"featured_media":0,"comment_status":"closed","ping_status":"closed","sticky":false,"template":"","format":"standard","meta":[],"categories":[1],"tags":[],"acf":[],"_links":{"self":[{"href":"https:\/\/eu-bayern.de\/kv-bad-toelz-wolfratshausen\/wp-json\/wp\/v2\/posts\/702"}],"collection":[{"href":"https:\/\/eu-bayern.de\/kv-bad-toelz-wolfratshausen\/wp-json\/wp\/v2\/posts"}],"about":[{"href":"https:\/\/eu-bayern.de\/kv-bad-toelz-wolfratshausen\/wp-json\/wp\/v2\/types\/post"}],"author":[{"embeddable":true,"href":"https:\/\/eu-bayern.de\/kv-bad-toelz-wolfratshausen\/wp-json\/wp\/v2\/users\/18"}],"replies":[{"embeddable":true,"href":"https:\/\/eu-bayern.de\/kv-bad-toelz-wolfratshausen\/wp-json\/wp\/v2\/comments?post=702"}],"version-history":[{"count":1,"href":"https:\/\/eu-bayern.de\/kv-bad-toelz-wolfratshausen\/wp-json\/wp\/v2\/posts\/702\/revisions"}],"predecessor-version":[{"id":704,"href":"https:\/\/eu-bayern.de\/kv-bad-toelz-wolfratshausen\/wp-json\/wp\/v2\/posts\/702\/revisions\/704"}],"wp:attachment":[{"href":"https:\/\/eu-bayern.de\/kv-bad-toelz-wolfratshausen\/wp-json\/wp\/v2\/media?parent=702"}],"wp:term":[{"taxonomy":"category","embeddable":true,"href":"https:\/\/eu-bayern.de\/kv-bad-toelz-wolfratshausen\/wp-json\/wp\/v2\/categories?post=702"},{"taxonomy":"post_tag","embeddable":true,"href":"https:\/\/eu-bayern.de\/kv-bad-toelz-wolfratshausen\/wp-json\/wp\/v2\/tags?post=702"}],"curies":[{"name":"wp","href":"https:\/\/api.w.org\/{rel}","templated":true}]}}