{"id":680,"date":"2022-03-03T21:14:26","date_gmt":"2022-03-03T20:14:26","guid":{"rendered":"https:\/\/eu-bayern.de\/kv-bad-toelz-wolfratshausen\/?p=680"},"modified":"2022-04-12T11:59:04","modified_gmt":"2022-04-12T09:59:04","slug":"zeitenwende-in-der-aussenpolitik","status":"publish","type":"post","link":"https:\/\/eu-bayern.de\/kv-bad-toelz-wolfratshausen\/zeitenwende-in-der-aussenpolitik\/","title":{"rendered":"Zeitenwende in der Au\u00dfenpolitik"},"content":{"rendered":"<p class=\"tinymce_own02\"><span style=\"font-weight: 400\">Mit der Invasion der Ukraine zeigt Putin der Welt sein wahres Gesicht, und klar ist, wir k\u00f6nnen seinem Handeln nicht weiter mit Beschwichtigung begegnen.<\/span><\/p>\n<p>Der Angriffskrieg von Putins Russland gegen die Ukraine, mit vielen Toten und gro\u00dfem Leid in der Zivilbev\u00f6lkerung, ist klar v\u00f6lkerrechtswidrig, und er ist bei allen Fehlern, die der Westen in den letzten 25 Jahren im Umgang mit Russland begangen haben mag, durch nichts zu rechtfertigen.<\/p>\n<p>Dieser Krieg wirft auch schwierige Fragen zum k\u00fcnftigen staatlichen Miteinander in Europa auf. <span style=\"font-weight: 400\">Denn kein Mensch wei\u00df, welche territorialen Forderungen Putin als n\u00e4chstes stellen wird und wie man ihn von solchen abbringen k\u00f6nnte.<\/span><\/p>\n<p><span style=\"font-weight: 400\">Noch dramatischer die Perspektive der EU, falls zus\u00e4tzlich, etwa nach den n\u00e4chsten US-amerikanischen Pr\u00e4sidentschaftswahlen im Jahr 2024, das NATO-B\u00fcndnis von US-Seite in Frage gestellt werden sollte. Wir erinnern uns an entsprechende Kommentare Trumps w\u00e4hrend seiner Amtszeit.<\/span><\/p>\n<p><span style=\"font-weight: 400\">Die EU muss sich daher dringend mit der Frage auseinandersetzen, wie sie sich wirkungsvoll selbst verteidigen kann. Auch gegen eine hochger\u00fcstete Nuklearmacht wie Russland.<\/span><\/p>\n<p><strong><em>Die EU braucht eine glaubw\u00fcrdige Abschreckungsstrategie<\/em><\/strong><\/p>\n<p><span style=\"font-weight: 400\">Bereits nach dem Brexit-Votum hat die EU den PESCO genannten Prozess belebt, der langfristig die Schaffung einer europ\u00e4ischen Verteidigungsunion zum Ziel hat. Das ist ein Schritt in die richtige Richtung, aber als Europ\u00e4er kommen wir da bisher nur langsam voran. Eine glaubw\u00fcrdige Abschreckungsstrategie der EU erfordert die Einbindung des franz\u00f6sischen Nukleararsenals in ein gemeinsames europ\u00e4isches Verteidigungskonzept, und Deutschland darf sich dieser Diskussion nicht l\u00e4nger entziehen.<\/span><\/p>\n<p><span style=\"font-weight: 400\">Nat\u00fcrlich, langfristig kann es stabilen Frieden in Europa nur in Zusammenarbeit mit Russland geben, aber daf\u00fcr muss die EU bereit sein, eine Position der St\u00e4rke einzunehmen.<\/span><\/p>\n","protected":false},"excerpt":{"rendered":"<p>Au\u00dfenpolitische Zeitenwende. Die EU muss sich selbst verteidigen k\u00f6nnen und braucht schon bald eine glaubw\u00fcrdige Abschreckungsstrategie.<\/p>\n","protected":false},"author":18,"featured_media":0,"comment_status":"closed","ping_status":"closed","sticky":false,"template":"","format":"standard","meta":[],"categories":[1],"tags":[],"acf":[],"_links":{"self":[{"href":"https:\/\/eu-bayern.de\/kv-bad-toelz-wolfratshausen\/wp-json\/wp\/v2\/posts\/680"}],"collection":[{"href":"https:\/\/eu-bayern.de\/kv-bad-toelz-wolfratshausen\/wp-json\/wp\/v2\/posts"}],"about":[{"href":"https:\/\/eu-bayern.de\/kv-bad-toelz-wolfratshausen\/wp-json\/wp\/v2\/types\/post"}],"author":[{"embeddable":true,"href":"https:\/\/eu-bayern.de\/kv-bad-toelz-wolfratshausen\/wp-json\/wp\/v2\/users\/18"}],"replies":[{"embeddable":true,"href":"https:\/\/eu-bayern.de\/kv-bad-toelz-wolfratshausen\/wp-json\/wp\/v2\/comments?post=680"}],"version-history":[{"count":2,"href":"https:\/\/eu-bayern.de\/kv-bad-toelz-wolfratshausen\/wp-json\/wp\/v2\/posts\/680\/revisions"}],"predecessor-version":[{"id":691,"href":"https:\/\/eu-bayern.de\/kv-bad-toelz-wolfratshausen\/wp-json\/wp\/v2\/posts\/680\/revisions\/691"}],"wp:attachment":[{"href":"https:\/\/eu-bayern.de\/kv-bad-toelz-wolfratshausen\/wp-json\/wp\/v2\/media?parent=680"}],"wp:term":[{"taxonomy":"category","embeddable":true,"href":"https:\/\/eu-bayern.de\/kv-bad-toelz-wolfratshausen\/wp-json\/wp\/v2\/categories?post=680"},{"taxonomy":"post_tag","embeddable":true,"href":"https:\/\/eu-bayern.de\/kv-bad-toelz-wolfratshausen\/wp-json\/wp\/v2\/tags?post=680"}],"curies":[{"name":"wp","href":"https:\/\/api.w.org\/{rel}","templated":true}]}}