{"id":398,"date":"2019-03-20T11:07:27","date_gmt":"2019-03-20T10:07:27","guid":{"rendered":"https:\/\/eu-bayern.de\/kv-bad-toelz-wolfratshausen-2\/?p=398"},"modified":"2019-10-14T11:10:56","modified_gmt":"2019-10-14T09:10:56","slug":"bezirksversammlung-der-europa-union-oberbayern-e-v-in-wolfratshausen","status":"publish","type":"post","link":"https:\/\/eu-bayern.de\/kv-bad-toelz-wolfratshausen\/bezirksversammlung-der-europa-union-oberbayern-e-v-in-wolfratshausen\/","title":{"rendered":"Bezirksversammlung der Europa-Union Oberbayern e. V. in Wolfratshausen"},"content":{"rendered":"<p class=\"tinymce_own02\"><span style=\"font-weight: 400\">Am Samstag, den 16. M\u00e4rz 2019 fand die Bezirksversammlung der Europa-Union Oberbayern im Wirtshaus Fl\u00f6\u00dferei in Wolfratshausen statt. F\u00fcr die Organisation war der hiesige Kreisverband der Europa-Union verantwortlich.<\/span><\/p>\n<p><span style=\"font-weight: 400\">Neben den Delegierten der oberbayerischen Kreisverb\u00e4nde konnte die Bezirksvorsitzende Isabella Ritter den Landesvorsitzenden der Europa-Union Bayern e. V. Markus Ferber, MdEP und die Stellvertretende Vorsitzende der Europa-Union Parlamentariergruppe im Deutschen Bundestag, Katrin Staffler MdB begr\u00fc\u00dfen. Beide gingen in ihren Gru\u00dfworten auf die Bedeutung der Europawahlen am 26. Mai 2019 und hierbei die Wichtigkeit einer hohen Wahlbeteiligung ein. Die Arbeit im Europ\u00e4ischen Parlament f\u00fcr ein in Frieden und Wohlstand geeinigtes Europa, das auch weltweit gewichtig ist, darf nicht von Populisten und Europagegnern blockiert werden.<\/span><\/p>\n<p><span style=\"font-weight: 400\">Nach den Rechenschaftsberichten des Bezirksvorstandes und des Schatzmeisters standen Neuwahlen an. Der Bezirksvorstand der Europa-Union f\u00fcr die kommenden zwei Jahre ist folgenderma\u00dfen gew\u00e4hlt:\u00a0<\/span><\/p>\n<p><span style=\"font-weight: 400\">Bezirksvorsitzende: Isabella-Ines Ritter<\/span><\/p>\n<p><span style=\"font-weight: 400\">Stellvertreter: Christoph Schreinmoser und Peter St\u00f6ger\u00a0<\/span><\/p>\n<p><span style=\"font-weight: 400\">Schatzmeister: Philipp Rieger<\/span><\/p>\n<p><span style=\"font-weight: 400\">Beisitzer: Justus Hierlmeier, Helmut Tiefenthaler, Alexander Lippert, Othmar Probst, Dr. Klaus-Peter Paul und Florian Daxenberger<\/span><\/p>\n<p><span style=\"font-weight: 400\">Der Kreisvorsitzende der Europa-Union Bad T\u00f6lz-Wolfratshausen e.V., Alexander Lippert, ist damit auch Mitglied im Bezirksvorstand Oberbayern, wo er sich wie auf Kreisebene f\u00fcr ein starkes Europa einsetzen wird.<\/span><\/p>\n<p><i><span style=\"font-weight: 400\">Auf dem Foto von links nach rechts: Frau Katrin Staffler, MdB, Herr Markus Ferber, MdEP, Frau Isabell Ritter, Bezirksvorsitzende<\/span><\/i><\/p>\n<p>&nbsp;<\/p>\n","protected":false},"excerpt":{"rendered":"<p>Die diesj\u00e4hrige Bezirksversammlung der Europa-Union Oberbayern e.V. fand in Wolfratshausen statt. Sprecher waren u.a. Katrin Staffler (MdB) und Markus Ferber (MdEP).<\/p>\n","protected":false},"author":18,"featured_media":397,"comment_status":"closed","ping_status":"closed","sticky":false,"template":"","format":"standard","meta":[],"categories":[1],"tags":[],"acf":[],"_links":{"self":[{"href":"https:\/\/eu-bayern.de\/kv-bad-toelz-wolfratshausen\/wp-json\/wp\/v2\/posts\/398"}],"collection":[{"href":"https:\/\/eu-bayern.de\/kv-bad-toelz-wolfratshausen\/wp-json\/wp\/v2\/posts"}],"about":[{"href":"https:\/\/eu-bayern.de\/kv-bad-toelz-wolfratshausen\/wp-json\/wp\/v2\/types\/post"}],"author":[{"embeddable":true,"href":"https:\/\/eu-bayern.de\/kv-bad-toelz-wolfratshausen\/wp-json\/wp\/v2\/users\/18"}],"replies":[{"embeddable":true,"href":"https:\/\/eu-bayern.de\/kv-bad-toelz-wolfratshausen\/wp-json\/wp\/v2\/comments?post=398"}],"version-history":[{"count":1,"href":"https:\/\/eu-bayern.de\/kv-bad-toelz-wolfratshausen\/wp-json\/wp\/v2\/posts\/398\/revisions"}],"predecessor-version":[{"id":400,"href":"https:\/\/eu-bayern.de\/kv-bad-toelz-wolfratshausen\/wp-json\/wp\/v2\/posts\/398\/revisions\/400"}],"wp:featuredmedia":[{"embeddable":true,"href":"https:\/\/eu-bayern.de\/kv-bad-toelz-wolfratshausen\/wp-json\/wp\/v2\/media\/397"}],"wp:attachment":[{"href":"https:\/\/eu-bayern.de\/kv-bad-toelz-wolfratshausen\/wp-json\/wp\/v2\/media?parent=398"}],"wp:term":[{"taxonomy":"category","embeddable":true,"href":"https:\/\/eu-bayern.de\/kv-bad-toelz-wolfratshausen\/wp-json\/wp\/v2\/categories?post=398"},{"taxonomy":"post_tag","embeddable":true,"href":"https:\/\/eu-bayern.de\/kv-bad-toelz-wolfratshausen\/wp-json\/wp\/v2\/tags?post=398"}],"curies":[{"name":"wp","href":"https:\/\/api.w.org\/{rel}","templated":true}]}}