{"id":635,"date":"2021-07-27T16:16:41","date_gmt":"2021-07-27T14:16:41","guid":{"rendered":"https:\/\/eu-bayern.de\/kv-altoetting\/?p=635"},"modified":"2021-07-27T16:16:41","modified_gmt":"2021-07-27T14:16:41","slug":"preisverleihungen-zum-68-europaeischen-wettbewerb","status":"publish","type":"post","link":"https:\/\/eu-bayern.de\/kv-altoetting\/preisverleihungen-zum-68-europaeischen-wettbewerb\/","title":{"rendered":"Preisverleihungen zum 68. Europ\u00e4ischen Wettbewerb"},"content":{"rendered":"<p>Unsere Jugend ist mit Computer und digitalen Ger\u00e4ten heute bestens vertraut. Um aber eine kritische Einstellung dazu zu gewinnen, wurde dieses Thema im 68. Europ\u00e4ischen Wettbewerb aufgegriffen und die Kinder und Jugendlichen animiert, sich mit der Thematik auseinanderzusetzen.<\/p>\n<p>Bedingt durch die h\u00e4ufige Abwesenheit von der Schule war im diesem Jahr die Beteiligung am Wettbewerb etwas schw\u00e4cher. Bundesweit nahmen 42 000 Sch\u00fclerinnen und Sch\u00fcler daran teil, in Bayern waren es ca. 10500 Teilnehmerinnen und Teilnehmer. Auch der Landkreis Alt\u00f6tting war wieder mit 5 Klassen und 99 jungen K\u00fcnstlern am Wettbewerb vertreten.<\/p>\n<p>Je nach Jahrgangsstufe wurde eine andere Thematik bearbeitet. Die Grundsch\u00fclerinnen und Grundsch\u00fcler setzten sich mit dem Thema bildnerisch und schriftlich auseinander. So wurde der Roboter in den zuk\u00fcnftigen Eisatzbereichen gestaltet und in farbenfrohen Bildern dargestellt. Eine Klasse schrieb Geschichten um den Roboter und hauchte den Kunstfiguren damit Leben ein. Auch Kursteilnehmer des Leistungsfaches Kunst an der FOS\/BOS erstellten hochwertige Bilder und Texte.<\/p>\n<p>Der Europ\u00e4ische Wettbewerb besteht seit 68 Jahren und wird traditionell von der Europa-Union unterst\u00fctzt. Die Vorstandschaft des Kreisverbandes belohnte die Teilnahme und \u00fcberreichte den Klassen einen Geldbetrag, um das Engagement f\u00fcr Europa zu honorieren.<\/p>\n<p>22 Sch\u00fclerinnen und Sch\u00fcler errangen Landespreise und Bundespreise und die Klassen zeigten damit eine qualitativ hochwertige Arbeit. Die Landespreise wurden \u00fcblicherweise an der Regierung von Oberbayern \u00fcberreicht, aber die Ehrung im gro\u00dfen Rahmen wurde auch heuer wieder abgesagt und daher \u00fcbernahm der Kreisverband der Europa-Union zusammen mit den Schulleitungen die Aufgabe, die Urkunden des Ministeriums f\u00fcr Unterricht und Kultus zu \u00fcberreichen.<\/p>\n<p>Helmut Tiefenthaler, der Vorsitzende des Kreisverbandes lobte die Sch\u00fclerinnen und Sch\u00fcler f\u00fcr die hochwertigen Arbeiten und bedankte sich bei den Lehrkr\u00e4ften f\u00fcr die tatkr\u00e4ftige Unterst\u00fctzung. Europa ist trotz aller Probleme ein Staatenverbund, der weltweit Vorbildcharakter hat und von anderen Weltm\u00e4chten ernst genommen wird.<\/p>\n<p>Helmut Tiefenthaler griff bei der Preisverleihung die Abschlussworte aus der eingereichten Arbeit der Preistr\u00e4gerin Barbara Roscher auf: \u201eTraut euch! Greift nach den Sternen!\u201c und forderte die Sch\u00fclerinnen und Sch\u00fcler auf, ihre Zukunft aktiv zu gestalten.<\/p>\n<p>Der 69. Wettbewerb stellt wieder ein aktuelles Thema vor. Die Kinder und Jugendlichen sollen sich mit der Nachhaltigkeit unserer Lebensweise zu besch\u00e4ftigen.<\/p>\n<p><strong>Preistr\u00e4ger:<\/strong><\/p>\n<p><strong>Grundschule Emmerting-Mehring:<\/strong><\/p>\n<p>Larissa Hausner, Rosalie Walch, Felix Wieland, Lukas Forstmayr, Jakob Fuchs, Yasamin Naseri, Johanna Schweiger, Annelie Kuchtner (Bundespreis)<\/p>\n<p><strong>Grundschule Pleiskirchen:<\/strong><\/p>\n<p>Michael K\u00fcblbeck, Anna-Lena Schiller<\/p>\n<p><strong>Grundschule Reischach-Perach:<\/strong><\/p>\n<p>Luca H\u00f6lzlwimmer, Raphael Pesic, Anna Licker, Pia Maier,, Raphael Stenzel, Nina Vitzthum, Elisabeth Heindl, Bundesspreis, Anna Huber, Bundespreis, Lina Latta, Bundespreis,<\/p>\n<p><strong>Fachoberschule, BerufsoberschuleAlt\u00f6tting:<\/strong><\/p>\n<p>Elena Gialamas, Julia Huber, Barbara Roscher<\/p>\n<p>Zum Fotografieren wurde der Mund-Nasenschutz kurz entfernt.<\/p>\n<p><img class=\"alignnone size-full wp-image-636\" src=\"https:\/\/eu-bayern.de\/kv-altoetting\/wp-content\/uploads\/sites\/24\/2021\/07\/FOSBOS.jpg\" alt=\"\" width=\"800\" height=\"600\" \/> <img class=\"alignnone size-full wp-image-637\" src=\"https:\/\/eu-bayern.de\/kv-altoetting\/wp-content\/uploads\/sites\/24\/2021\/07\/Pleiskirchen-2.jpg\" alt=\"\" width=\"800\" height=\"567\" \/> <img class=\"alignnone size-full wp-image-638\" src=\"https:\/\/eu-bayern.de\/kv-altoetting\/wp-content\/uploads\/sites\/24\/2021\/07\/Pleiskirchen1.jpg\" alt=\"\" width=\"800\" height=\"702\" \/> <img class=\"alignnone size-full wp-image-639\" src=\"https:\/\/eu-bayern.de\/kv-altoetting\/wp-content\/uploads\/sites\/24\/2021\/07\/Reischach.jpg\" alt=\"\" width=\"800\" height=\"600\" \/> <img class=\"alignnone size-medium wp-image-640\" src=\"https:\/\/eu-bayern.de\/kv-altoetting\/wp-content\/uploads\/sites\/24\/2021\/07\/Emmerting-2klein.jpg\" alt=\"\" width=\"800\" height=\"600\" \/><\/p>\n","protected":false},"excerpt":{"rendered":"<p>Unsere Jugend ist mit Computer und digitalen Ger\u00e4ten heute bestens vertraut. Um aber eine kritische Einstellung dazu zu gewinnen, wurde dieses Thema im 68. Europ\u00e4ischen [&hellip;]<\/p>\n","protected":false},"author":23,"featured_media":0,"comment_status":"closed","ping_status":"closed","sticky":false,"template":"","format":"standard","meta":[],"categories":[1],"tags":[],"acf":[],"_links":{"self":[{"href":"https:\/\/eu-bayern.de\/kv-altoetting\/wp-json\/wp\/v2\/posts\/635"}],"collection":[{"href":"https:\/\/eu-bayern.de\/kv-altoetting\/wp-json\/wp\/v2\/posts"}],"about":[{"href":"https:\/\/eu-bayern.de\/kv-altoetting\/wp-json\/wp\/v2\/types\/post"}],"author":[{"embeddable":true,"href":"https:\/\/eu-bayern.de\/kv-altoetting\/wp-json\/wp\/v2\/users\/23"}],"replies":[{"embeddable":true,"href":"https:\/\/eu-bayern.de\/kv-altoetting\/wp-json\/wp\/v2\/comments?post=635"}],"version-history":[{"count":1,"href":"https:\/\/eu-bayern.de\/kv-altoetting\/wp-json\/wp\/v2\/posts\/635\/revisions"}],"predecessor-version":[{"id":641,"href":"https:\/\/eu-bayern.de\/kv-altoetting\/wp-json\/wp\/v2\/posts\/635\/revisions\/641"}],"wp:attachment":[{"href":"https:\/\/eu-bayern.de\/kv-altoetting\/wp-json\/wp\/v2\/media?parent=635"}],"wp:term":[{"taxonomy":"category","embeddable":true,"href":"https:\/\/eu-bayern.de\/kv-altoetting\/wp-json\/wp\/v2\/categories?post=635"},{"taxonomy":"post_tag","embeddable":true,"href":"https:\/\/eu-bayern.de\/kv-altoetting\/wp-json\/wp\/v2\/tags?post=635"}],"curies":[{"name":"wp","href":"https:\/\/api.w.org\/{rel}","templated":true}]}}