{"id":772,"date":"2022-09-22T12:29:38","date_gmt":"2022-09-22T10:29:38","guid":{"rendered":"https:\/\/eu-bayern.de\/kv-aichach-friedberg\/?p=772"},"modified":"2022-09-22T12:29:38","modified_gmt":"2022-09-22T10:29:38","slug":"projekte-im-landkreis-und-der-region-die-mit-mitteln-der-eu-leader-projekte-gefoerdert-wurden","status":"publish","type":"post","link":"https:\/\/eu-bayern.de\/kv-aichach-friedberg\/projekte-im-landkreis-und-der-region-die-mit-mitteln-der-eu-leader-projekte-gefoerdert-wurden\/","title":{"rendered":"Projekte im Landkreis und der Region, die mit Mitteln der EU (LEADER-Projekte) gef\u00f6rdert wurden:"},"content":{"rendered":"\n<table id=\"tablepress-1\" class=\"tablepress tablepress-id-1\">\n<thead>\n<tr class=\"row-1 odd\">\n\t<th class=\"column-1\">&nbsp;<\/th><th class=\"column-2\"><strong>Projektname, Tr\u00e4ger<\/strong><\/th><th class=\"column-3\"><strong>Kurzbeschreibung<\/strong><\/th><th class=\"column-4\"><strong>Status<\/strong><\/th><th class=\"column-5\"><strong>Volumen (in \u20ac)<\/strong><\/th><th class=\"column-6\"><strong>LEADER (EU) (Anteil in \u20ac)<\/strong><\/th>\n<\/tr>\n<\/thead>\n<tbody class=\"row-hover\">\n<tr class=\"row-2 even\">\n\t<td class=\"column-1\"><\/td><td class=\"column-2\">Na(h) gut! - nah kaufen, gut essen<br \/>\n<br \/>\nWittelsbacher Land e. V.<\/td><td class=\"column-3\">Das Projekt leistet einen wichtigen Beitrag zu einer bewussten, gesunden und verantwortungsvollen Lebensweise im Wittelsbacher Land.<\/td><td class=\"column-4\">Umgesetzt, in nachhaltiger Fortf\u00fchrung<\/td><td class=\"column-5\">100693<\/td><td class=\"column-6\">42354<\/td>\n<\/tr>\n<tr class=\"row-3 odd\">\n\t<td class=\"column-1\"><\/td><td class=\"column-2\">Energie effizient einsetzen<br \/>\n<br \/>\ndiv. Partner mit: Energie effizient einsetzen e.V., Schrobenhausen<\/td><td class=\"column-3\">Machbarkeitsstudie gem\u00e4\u00df dem Kyoto-Protokoll: Es soll ermittelt werden, ob ein regionaler und freiwilliger CO2-Ausgleichsmechanismus und Zertifikatehandel sowie die damit verbundenen Ma\u00dfnahmen vor Ort in den beteiligten LAGs realisierbar sind.<\/td><td class=\"column-4\">Umsetzungsphase<\/td><td class=\"column-5\">281125<\/td><td class=\"column-6\">168675<\/td>\n<\/tr>\n<tr class=\"row-4 even\">\n\t<td class=\"column-1\"><\/td><td class=\"column-2\">Coworking Space<br \/>\n<br \/>\nHelmut Wirths Grundst\u00fccksverwaltung GmbH &amp; Co. KG, Schmiechen<\/td><td class=\"column-3\">Der Landkreis Aichach-Friedberg hat keine Coworking Space Immobilien. Mit dem geplanten \u201eLeuchtturmprojekt\u201c in Schmiechen soll sich das \u00e4ndern. (\u201eB\u00fcro on Demand\u201c)<\/td><td class=\"column-4\">Umsetzungsphase<\/td><td class=\"column-5\">1051380<\/td><td class=\"column-6\">100000<\/td>\n<\/tr>\n<tr class=\"row-5 odd\">\n\t<td class=\"column-1\"><\/td><td class=\"column-2\">Wittelsbacher Erinnerungsorte,<br \/>\n<br \/>\nProjektmanagement Stadt Aichach<\/td><td class=\"column-3\">Die besondere Beziehung zu den Wittelsbachern verleiht dem \u201eWittelsbacher Land\u201c einen wichtigen Teil seiner kulturellen Identit\u00e4t. Die daf\u00fcr grundlegenden Erinnerungsorte bed\u00fcrfen jedoch der bewussten Pflege. Das eingerichtete Projektmanagement k\u00fcmmert sich daf\u00fcr.<\/td><td class=\"column-4\">Umsetzungsphase<\/td><td class=\"column-5\">100000<\/td><td class=\"column-6\">42017<\/td>\n<\/tr>\n<tr class=\"row-6 even\">\n\t<td class=\"column-1\"><\/td><td class=\"column-2\">Wittelsbacher Erinnerungsorte:<br \/>\n<br \/>\nWittelsbacher Museum<br \/>\nStadt Aichach<\/td><td class=\"column-3\">Die Ausstellung im Wittelsbacher Museum, Aichach, wird umgestaltet und dadurch sp\u00fcrbar aufgewertet.<\/td><td class=\"column-4\">abgeschlossen<\/td><td class=\"column-5\">347000<\/td><td class=\"column-6\">145798<\/td>\n<\/tr>\n<tr class=\"row-7 odd\">\n\t<td class=\"column-1\"><\/td><td class=\"column-2\">Wittelsbacher Erinnerungsorte:<br \/>\nThemenweg mit Garten der Zeitgeschichte<br \/>\n<br \/>\nStadt Aichach<\/td><td class=\"column-3\">Die Wittelsbacher regierten ab dem Jahr 1180 Bayern 738 Jahre lang und pr\u00e4gten das Land in allen Bereichen des Lebens.<\/td><td class=\"column-4\">Umsetzungsphase<\/td><td class=\"column-5\">115000<\/td><td class=\"column-6\">48318<\/td>\n<\/tr>\n<tr class=\"row-8 even\">\n\t<td class=\"column-1\"><\/td><td class=\"column-2\">Streuobst - Dezentraler Erhaltungsgarten und Ausbildung Obstbaumwart<br \/>\n<br \/>\nLAG Monheimer Alb \u2013 Altm\u00fchlJ.<\/td><td class=\"column-3\">Aufbau von dezentralen Erhaltungsg\u00e4rten als Spiegelung der erhaltenswerten Sorten, um dem eventuellen Verlust durch Wetterereignisse oder Kalamit\u00e4ten vorzubeugen.<\/td><td class=\"column-4\">Umsetzungsphase<\/td><td class=\"column-5\">15000<\/td><td class=\"column-6\">9000<\/td>\n<\/tr>\n<tr class=\"row-9 odd\">\n\t<td class=\"column-1\"><\/td><td class=\"column-2\">Aufbau eines zentralen Erhaltungsgartens f\u00fcr die Kernobstsortenvielfalt Nordschwabens<br \/>\n<br \/>\nSchw\u00e4bischer Bezirksverband f\u00fcr Gartenbau und Landespflege<\/td><td class=\"column-3\">Aufbau einer zentralen Erhaltungssammlung (3,5 ha) auf schwachw\u00fcchsigen, niederst\u00e4mmigen Unterlagen an der Versuchsstation f\u00fcr Obstbau der Hochschule Weihenstephan-Triesdorf in Schlachters bei Lindau.<\/td><td class=\"column-4\">Umsetzungsphase<\/td><td class=\"column-5\">102281<\/td><td class=\"column-6\">61369<\/td>\n<\/tr>\n<tr class=\"row-10 even\">\n\t<td class=\"column-1\"><\/td><td class=\"column-2\">Mehrgenerationenmobil Petersdorf<br \/>\n<br \/>\nOrtszeit e.V.<\/td><td class=\"column-3\">Im Rahmen der Erstellung des Gemeindeentwicklungskonzepts entstand die Idee, die Mobilit\u00e4t \u00fcber Generationengrenzen hinweg in der Gemeinde genauer zu betrachten.<\/td><td class=\"column-4\">Umsetzungsphase<\/td><td class=\"column-5\">100989<\/td><td class=\"column-6\">42432<\/td>\n<\/tr>\n<tr class=\"row-11 odd\">\n\t<td class=\"column-1\"><\/td><td class=\"column-2\">Lechfeldschlacht - Geschichtspfad<br \/>\n<br \/>\n- Station Kissing<br \/>\nGemeinde Kissing<\/td><td class=\"column-3\">Das Thema \u201eSchlacht auf dem Lechfeld\u201c wird in der Region Augsburg bereits mehrfach behandelt und aufgearbeitet. Das Projekt: \u201eSchlacht auf dem Lechfeld \u2013 Geschichtspfad-Stationen\u201c erg\u00e4nzt den digitalen Geschichtspfad.<\/td><td class=\"column-4\">laufend<\/td><td class=\"column-5\">54199<\/td><td class=\"column-6\">27334<\/td>\n<\/tr>\n<tr class=\"row-12 even\">\n\t<td class=\"column-1\"><\/td><td class=\"column-2\">Lechfeldschlacht - Geschichtspfad<br \/>\n<br \/>\n- Station Todtenweis<br \/>\nGemeinde Todtenweis<\/td><td class=\"column-3\">Das Thema \u201eSchlacht auf dem Lechfeld\u201c wird in der Region Augsburg bereits mehrfach behandelt und aufgearbeitet. Das Projekt: \u201eSchlacht auf dem Lechfeld \u2013 Geschichtspfad-Stationen\u201c erg\u00e4nzt den digitalen Geschichtspfad.<\/td><td class=\"column-4\">laufend<\/td><td class=\"column-5\">49085<\/td><td class=\"column-6\">24762<\/td>\n<\/tr>\n<tr class=\"row-13 odd\">\n\t<td class=\"column-1\"><\/td><td class=\"column-2\">Blumenthaler Wandelpfad \u2013 <br \/>\n<br \/>\nProjektmanagement<br \/>\nBlumenthaler Wandel e.V.<\/td><td class=\"column-3\">Auf dem Wandelpfad soll auf vielf\u00e4ltige Weise erfahrbar gemacht werden, wie zukunftsf\u00e4hige und enkeltaugliche Konzepte, Ans\u00e4tze und Ideen aussehen k\u00f6nnen, die den nachhaltigen Wandel unserer Gesellschaft voranbringen.<\/td><td class=\"column-4\">Umsetzungsphase<\/td><td class=\"column-5\">20000<\/td><td class=\"column-6\">10000<\/td>\n<\/tr>\n<tr class=\"row-14 even\">\n\t<td class=\"column-1\"><\/td><td class=\"column-2\">Walderlebnispfad Ried<br \/>\n<br \/>\nGemeinde Ried<\/td><td class=\"column-3\">Mit Hilfe des Walderlebnispfades zum Thema Wald im Klimawandel werden die Ergebnisse der Waldklima-Forschung f\u00fcr die Bev\u00f6lkerung insgesamt sichtbarer gemacht.<\/td><td class=\"column-4\">Umsetzungsphase<\/td><td class=\"column-5\">47500<\/td><td class=\"column-6\">23750<\/td>\n<\/tr>\n<tr class=\"row-15 odd\">\n\t<td class=\"column-1\"><\/td><td class=\"column-2\">HausLebenswert \u2013\u00dcbergreifende Gemeinwohlarbeit zur Betreuung \u00e4lterer B\u00fcrger<br \/>\n<br \/>\nGemeinde Egling a. d. Paar<br \/>\n<\/td><td class=\"column-3\">In Egling a. d. Paar ist eine neuen Sozialzentrums in zentraler Ortslage geplant. Eine Wohnanlage bietet sowohl \u00e4lteren Menschen als auch Familien und Alleinerziehenden die M\u00f6glichkeit zu einem generations\u00fcbergreifenden Wohnen und Leben in aktiver Gemeinschaft.<\/td><td class=\"column-4\">Umsetzungsphase<\/td><td class=\"column-5\">265000<\/td><td class=\"column-6\">159000<\/td>\n<\/tr>\n<tr class=\"row-16 even\">\n\t<td class=\"column-1\"><\/td><td class=\"column-2\">Musikfestival Blumenthal<br \/>\n<br \/>\nMusikfest Blumenthal e.V.<\/td><td class=\"column-3\">Die Verbindung zentraler gesellschaftlicher Themen mit und durch Musik war die Vision der Initiatoren des Musikfestivals.<\/td><td class=\"column-4\">umgesetzt<\/td><td class=\"column-5\">116615<\/td><td class=\"column-6\">53118<\/td>\n<\/tr>\n<tr class=\"row-17 odd\">\n\t<td class=\"column-1\"><\/td><td class=\"column-2\">\u201eZwischen Baiern und Schwaben. Das Lechtal im fr\u00fchen Mittelalter\u201c <br \/>\nStadt Friedberg<\/td><td class=\"column-3\">In der Ausstellung im Wittelsbacher Schloss Friedberg werden 2023 die teilweise spektakul\u00e4ren arch\u00e4ologischen Funde des Lechtals erstmals in einer umfassenden Zusammenschau pr\u00e4sentiert.<\/td><td class=\"column-4\">Umsetzungsphase<\/td><td class=\"column-5\">121849<\/td><td class=\"column-6\">60924<\/td>\n<\/tr>\n<tr class=\"row-18 even\">\n\t<td class=\"column-1\"><\/td><td class=\"column-2\">Die Bildhauerfamilie \u00d6berl in Friedberg<br \/>\n<br \/>\nHeimatverein Friedberg e.V.<\/td><td class=\"column-3\">Die Autorin Dr. Adelheid Riolini-Unger pr\u00e4sentiert in ihrer Publikation \u00fcber 150 Werke der Familie \u00d6berl. F\u00fcr die Region ist dies die erste Monographie, die sich intensiv mit einer auf regionaler Ebene t\u00e4tigen K\u00fcnstlerfamilie auseinandersetzt.<\/td><td class=\"column-4\">Umsetzungsphase<\/td><td class=\"column-5\">15000<\/td><td class=\"column-6\">7500<\/td>\n<\/tr>\n<tr class=\"row-19 odd\">\n\t<td class=\"column-1\"><\/td><td class=\"column-2\">Gesundhaus i-T\u00fcpferl<br \/>\n<br \/>\nChristine Bergmair<\/td><td class=\"column-3\">Das \u201eBergmair\u2019s i-T\u00fcpferl\u201c wird eine gr\u00fcne Wohlf\u00fchloase, die auf \u00fcber 12.000 m2 Fl\u00e4che im Norden von Steindorf entsteht. Jung &amp; Alt sollen hier einen Ort zum Austausch und Wohlf\u00fchlen in den Bereichen Genuss, Freude und Gesundheit finden.<\/td><td class=\"column-4\">Umsetzungsphase<\/td><td class=\"column-5\">2233000<\/td><td class=\"column-6\">200000<\/td>\n<\/tr>\n<tr class=\"row-20 even\">\n\t<td class=\"column-1\"><\/td><td class=\"column-2\">Ausstattung Heimatmuseum Dasing<br \/>\n<br \/>\nHeimatkundlicher Kreis Dasing e.V.<\/td><td class=\"column-3\">Der Heimatverein Dasing hat in den letzten 10 Jahren viele Gebrauchs-gegenst\u00e4nde, Maschinen, Ger\u00e4te und Kleidungsst\u00fccke der letzten 150 Jahre gesammelt. Nun sollen die Ausstellungsr\u00e4ume auf drei Etagen ausgeleuchtet, die Exponate aufgelistet, beschrieben und katalogisiert werden.<\/td><td class=\"column-4\">Planungsphase<\/td><td class=\"column-5\">6000<\/td><td class=\"column-6\">beantragt<\/td>\n<\/tr>\n<tr class=\"row-21 odd\">\n\t<td class=\"column-1\"><\/td><td class=\"column-2\">Museum im Wittelsbacher Schloss<br \/>\n<br \/>\nStadt Friedberg<\/td><td class=\"column-3\">Die Dauerausstellung im Friedberger Schloss soll die regionale Kulturgeschichte f\u00fcr verschiedene Zielgruppen erlebbar machen.<\/td><td class=\"column-4\">laufend<\/td><td class=\"column-5\">1234000<\/td><td class=\"column-6\">100000<\/td>\n<\/tr>\n<tr class=\"row-22 even\">\n\t<td class=\"column-1\"><\/td><td class=\"column-2\">Schaub\u00e4ckerei mit Getreidelehrpfad<br \/>\n<br \/>\nB\u00e4ckerei Scharold<\/td><td class=\"column-3\">Die neue Backstube der Friedberger B\u00e4ckerei Scharold in Derching ist hinter Glas angelegt, so dass Besucher den Handwerkern bei der Arbeit zusehen k\u00f6nnen. Im Au\u00dfenbereich wurde ein Lehrpfad realisiert, der die heimischen Getreidesorten vorstellt und einen Einblick in die Geschichte der M\u00fchlen im Wittelsbacher Land gibt.<\/td><td class=\"column-4\">abgeschlossen<\/td><td class=\"column-5\">505087<\/td><td class=\"column-6\">127332<\/td>\n<\/tr>\n<tr class=\"row-23 odd\">\n\t<td class=\"column-1\"><\/td><td class=\"column-2\">Generationenpark Aindling<br \/>\n<br \/>\nMarkt Aindling<\/td><td class=\"column-3\">Der Aindlinger Generationenpark soll attraktiver Lebensraum f\u00fcr Familien sein. Verschiedene Ger\u00e4te und Anlagen wurden erstellt, darunter Turnger\u00e4te f\u00fcr Seniorinnen und Senioren sowie Sportanlagen f\u00fcr Jugendliche.<\/td><td class=\"column-4\">abgeschlossen<\/td><td class=\"column-5\">60552<\/td><td class=\"column-6\">30000<\/td>\n<\/tr>\n<tr class=\"row-24 even\">\n\t<td class=\"column-1\"><\/td><td class=\"column-2\">Das Volksmusikprojekt<br \/>\n<br \/>\nLAG Wittelsbacher Land<\/td><td class=\"column-3\">Das Projekt verfolgt in regionaler und b\u00fcrgerschaftlicher Zusammenarbeit den nachkommenden Generationen ihren eigenen kulturellen Hintergrund \"greifbar\" zu erhalten. So soll zum einen ein wertvoller Beitrag zur kulturellen F\u00f6rderung und Bildung des Nachwuchses geleistet werden, zum anderen soll aber auch Volksmusik als identit\u00e4tsstiftendes Merkmal erhalten und wiederbelebt werden.<\/td><td class=\"column-4\">umgesetzt, in nachhaltiger Fortf\u00fchrung<\/td><td class=\"column-5\">170147<\/td><td class=\"column-6\">85788<\/td>\n<\/tr>\n<tr class=\"row-25 odd\">\n\t<td class=\"column-1\"><\/td><td class=\"column-2\">Soccerpark Rehling<br \/>\n<br \/>\n(privat)<\/td><td class=\"column-3\">Ein im Umkreis von 150 Kilometern einzigartiges Freizeitvergn\u00fcgen: Bei Schloss Scherneck kann man Fu\u00dfballgolf spielen. An 18 Bahnen ist es Ziel, einen Fu\u00dfball durch verschiedene Hindernisse in ein Bodenloch zu spielen. Zur Anlage geh\u00f6ren ein Beachvolleyball-Feld und die M\u00f6glichkeit, Bubble-Soccer zu spielen. <\/td><td class=\"column-4\">umgesetzt<\/td><td class=\"column-5\">privat<\/td><td class=\"column-6\">Teil-finanzierung<\/td>\n<\/tr>\n<tr class=\"row-26 even\">\n\t<td class=\"column-1\"><\/td><td class=\"column-2\">Streuobsterfassung Nordschwaben<br \/>\n<br \/>\nLAG Monheimer Alb \/ Altm\u00fchlJura<\/td><td class=\"column-3\">Streuobstbest\u00e4nde im Wittelsbacher Land und im nordschw\u00e4bischen Raum werden erfasst und bewertet, Sorten werden erhalten. Gezielte \u00d6ffentlichkeitsarbeit soll Streuobstfl\u00e4chenbesitzer und weitere Interessierte informieren und in das Projekt mit einbinden.<\/td><td class=\"column-4\">Laufend<\/td><td class=\"column-5\">200000<\/td><td class=\"column-6\">120000<\/td>\n<\/tr>\n<tr class=\"row-27 odd\">\n\t<td class=\"column-1\"><\/td><td class=\"column-2\">Energieoptimiertes Bauen<br \/>\n<br \/>\nLandkreis Aichach-Friedberg<\/td><td class=\"column-3\">Ziel ist, bis 2020 die Energieeffizienz bei Neubauten im Wittelsbacher Land zu steigern. Das Informations- und Beratungsprojekt dient zur Sensibilisierung von B\u00fcrgerinnen und B\u00fcrgern sowie Kommunen f\u00fcr Ma\u00dfnahmen im Bereich des energieoptimierten Bauens.<\/td><td class=\"column-4\">Abgeschlossen<\/td><td class=\"column-5\">23000<\/td><td class=\"column-6\">11500<\/td>\n<\/tr>\n<tr class=\"row-28 even\">\n\t<td class=\"column-1\"><\/td><td class=\"column-2\">Energieeffizienz am Geb\u00e4ude\u00adbestand<br \/>\n<br \/>\nLandkreis Aichach-Friedberg<\/td><td class=\"column-3\">Die B\u00fcrger sollen vor Ort gemeinsam mit Fachexperten z.B. \u00fcber m\u00f6gliche Ma\u00dfnahmen zur Vermeidung von W\u00e4rmeverlusten am bestehenden Bau bzw. zu deren Finanzierung beraten werden.<\/td><td class=\"column-4\">Abgeschlossen<\/td><td class=\"column-5\">40000<\/td><td class=\"column-6\">20000<\/td>\n<\/tr>\n<tr class=\"row-29 odd\">\n\t<td class=\"column-1\"><\/td><td class=\"column-2\">Energieeffizienz an Schulen<br \/>\n<br \/>\nLandkreis Aichach-Friedberg<\/td><td class=\"column-3\">Das Projekt tr\u00e4gt das Thema Klimaschutz in die Schulen und zu deren Tr\u00e4gern. P\u00e4dagogische Fachkr\u00e4fte sowie Fachkr\u00e4fte der Technik werden hierzu informiert und zu sensibilisiert. Das Thema \u201eUmwelt und Klimaschutz\u201c wird in den schulischen Alltag verst\u00e4rkt aufgenommen, die Schulen werden in ihren Umweltkompetenzen gest\u00e4rkt.<\/td><td class=\"column-4\">laufend<\/td><td class=\"column-5\">74700<\/td><td class=\"column-6\">28000<\/td>\n<\/tr>\n<tr class=\"row-30 even\">\n\t<td class=\"column-1\"><\/td><td class=\"column-2\">Digitaler Geschichtspfad Lechfeldschlacht<br \/>\n<br \/>\nRegio Augsburg Tourismus GmbH<\/td><td class=\"column-3\">Der digitale Geschichtspfad soll die eigene regionale Kulturgeschichte f\u00fcr verschiedene Zielgruppen erlebbar machen.<br \/>\n<br \/>\nIn diesem Projekt wird eine regionsumfassende Thematik innovativ aufbereitet.<\/td><td class=\"column-4\">laufend<\/td><td class=\"column-5\">137542<\/td><td class=\"column-6\">71552<\/td>\n<\/tr>\n<tr class=\"row-31 odd\">\n\t<td class=\"column-1\"><\/td><td class=\"column-2\">Erweiterung Lehrbienenstand Aichach<br \/>\n<br \/>\nImkerverein Aichach e.V.<\/td><td class=\"column-3\">Im Grubet wurde der bestehende Lehrbienenstand erweitert. In einem \u00fcberdachten Bau ist es nun m\u00f6glich, mehr Bienenv\u00f6lker zu beherbergen sowie Nachwuchs-Imker witterungsunabh\u00e4ngig auszubilden. Im Au\u00dfenbereich ist ein \"Bienenerlebnispfad\" mit Informationstafeln angelegt.<\/td><td class=\"column-4\">abgeschlossen<\/td><td class=\"column-5\">46282<\/td><td class=\"column-6\">21282<\/td>\n<\/tr>\n<tr class=\"row-32 even\">\n\t<td class=\"column-1\"><\/td><td class=\"column-2\">LAG Management<br \/>\n<br \/>\nWittelsbacher Land e. V<\/td><td class=\"column-3\">Das LAG-Management ber\u00e4t Projekttr\u00e4ger f\u00fcr die neue LEADER-F\u00f6rderperiode bei der Projektanbahnung und -umsetzung. Ziele: St\u00e4rkung von Profil- und Markenbildung sowie Vermarktung der Region Wittelsbacher Land nach innen und au\u00dfen<\/td><td class=\"column-4\">laufend<\/td><td class=\"column-5\">668500<\/td><td class=\"column-6\">250000<\/td>\n<\/tr>\n<tr class=\"row-33 odd\">\n\t<td class=\"column-1\"><\/td><td class=\"column-2\">Kreis- und Heimatb\u00fccherei<br \/>\n<br \/>\nLandkreis Aichach-Friedberg<\/td><td class=\"column-3\">Die Kreis- und Heimatb\u00fccherei des Landkreises Aichach-Friedberg stellt eine in Bayern einzigartige B\u00fccherei dar. Darin werden die Vergangenheit und das Wissen des Landkreises f\u00fcr Jedermann lebendig gehalten. Die Ausleihe ist kostenlos.<\/td><td class=\"column-4\">abgeschlossen<\/td><td class=\"column-5\">89789<\/td><td class=\"column-6\">36470<\/td>\n<\/tr>\n<tr class=\"row-34 even\">\n\t<td class=\"column-1\"><\/td><td class=\"column-2\">Weiterentwicklung Kulturdatenbank<br \/>\n<br \/>\nWittelsbacher Land e.V.<\/td><td class=\"column-3\">Diese Datenbank pr\u00e4sentiert eine einzigartige kulturelle Sammlung aus unserer Region. Hier wird das fundierte Wissen \u00fcber Kulturgut und Geschichte im Wittelsbacher Land erfasst. Interessierte finden alles rund um Brauchtum, Sehensw\u00fcrdigkeiten und Kulturgeschichte im Landkreis Aichach-Friedberg.<\/td><td class=\"column-4\">abgeschlossen, in nachhaltiger Fortf\u00fchrung<\/td><td class=\"column-5\">22028<\/td><td class=\"column-6\">8637<\/td>\n<\/tr>\n<tr class=\"row-35 odd\">\n\t<td class=\"column-1\"><\/td><td class=\"column-2\">Betriebskonzept Friedberger Schloss<br \/>\n<br \/>\nStadt Friedberg<\/td><td class=\"column-3\">2018 wurde das Wittelsbacher Schloss in Friedberg nach dreij\u00e4hriger Sanierungszeit wieder er\u00f6ffnet. Schon im Vorfeld erarbeitete die Stadt Friedberg ein Betriebskonzept, um einen neu konzipierten Museums- und einen gro\u00dfer Veranstaltungsbereich zu realisieren.<\/td><td class=\"column-4\">abgeschlossen<\/td><td class=\"column-5\">57358<\/td><td class=\"column-6\">24100<\/td>\n<\/tr>\n<tr class=\"row-36 even\">\n\t<td class=\"column-1\"><\/td><td class=\"column-2\">Energetische Modernisierung von Geb\u00e4uden<br \/>\n<br \/>\nLandkreis Aichach-Friedberg<\/td><td class=\"column-3\">Die Informationskampagne \u201eEnergetische Geb\u00e4udemodernisierung im Wittelsbacher Land\u201c informiert B\u00fcrgerinnen und B\u00fcrger umfassend \u00fcber die energetische Sanierung von Privath\u00e4usern und anderen Geb\u00e4uden.<\/td><td class=\"column-4\">umgesetzt<\/td><td class=\"column-5\">18624<\/td><td class=\"column-6\">7825<\/td>\n<\/tr>\n<tr class=\"row-37 odd\">\n\t<td class=\"column-1\"><\/td><td class=\"column-2\">Energie macht Schule<br \/>\n<br \/>\nLandkreis Aichach-Friedberg<\/td><td class=\"column-3\">Mit dem Projekt werden die Funktionsweise und der wirtschaftliche Nutzen von energieeinsparender Modernisierung bzw. eines Neubaus und der regionalen Energieversorgung dargestellt werden.<\/td><td class=\"column-4\">umgesetzt, in der nachhaltigen F\u00f6rderung<\/td><td class=\"column-5\">30898<\/td><td class=\"column-6\">12982<\/td>\n<\/tr>\n<tr class=\"row-38 even\">\n\t<td class=\"column-1\"><\/td><td class=\"column-2\">Kulturspuren im Wittelsbacher Land<br \/>\n<br \/>\nLandkreis Aichach-Friedberg<\/td><td class=\"column-3\">Mit dem Projekt \u201eKulturspuren in der Landschaft\u201c wurden die historischen Kulturlandschaftselemente sowie das kulturhistorisch bedeutsame Potential der Landschaft im Wittelsbacher Land erfasst und aufbereitet.<\/td><td class=\"column-4\">umgesetzt, in der nachhaltigen Fortf\u00fchrung<\/td><td class=\"column-5\">114500<\/td><td class=\"column-6\">48109<\/td>\n<\/tr>\n<tr class=\"row-39 odd\">\n\t<td class=\"column-1\"><\/td><td class=\"column-2\">Natursch\u00e4tze im Wittelsbacher Land<br \/>\n<br \/>\nLandkreis Aichach-Friedberg<\/td><td class=\"column-3\">Im Rahmen des Projektes hat der Landschaftspflegeverband Aichach-Friedberg e.V. ein rund 100-seitiges Buch herausgebracht, das eine Reise in die faszinierende Welt direkt vor unserer Haust\u00fcr erlaubt. Dem aufmerksamen Betrachter offenbaren sich zahlreiche gro\u00dfe und kleine Natursch\u00e4tze.<\/td><td class=\"column-4\">umgesetzt<\/td><td class=\"column-5\">62434<\/td><td class=\"column-6\">26832<\/td>\n<\/tr>\n<tr class=\"row-40 even\">\n\t<td class=\"column-1\"><\/td><td class=\"column-2\">Paartalpark Aichach Nord<br \/>\n<br \/>\nStadt Aichach<\/td><td class=\"column-3\">Das Paartal im Stadtteil Aichach-Nord wurde zu einem erlebenswerten Naherholungsgebiet aufgewertet. Es ist Bestandteil des \"Gr\u00fcnzugs Paar\", der sich durch die gesamte Stadt zieht und auch dem Hochwasserschutz dient.<\/td><td class=\"column-4\">umgesetzt<\/td><td class=\"column-5\">175144<\/td><td class=\"column-6\">73590<\/td>\n<\/tr>\n<tr class=\"row-41 odd\">\n\t<td class=\"column-1\"><\/td><td class=\"column-2\">Paartalpark am Flugplatz<br \/>\n<br \/>\nStadt Aichach<\/td><td class=\"column-3\">Im Rahmen der Erschlie\u00dfung des Gr\u00fcnzuges Paar zum Naherholungs- und Hochwasserschutzgebiet wurde auch der Bereich des Segelflugplatzes optimiert.<\/td><td class=\"column-4\">umgesetzt<\/td><td class=\"column-5\">109621<\/td><td class=\"column-6\">46059<\/td>\n<\/tr>\n<tr class=\"row-42 even\">\n\t<td class=\"column-1\"><\/td><td class=\"column-2\">Paartalpark Stadtgarten<br \/>\n<br \/>\nStadt Aichach<\/td><td class=\"column-3\">Im Rahmen des Projektes wurden ein Abenteuer-Spielplatz f\u00fcr Kinder geschaffen, eine Boule-Anlage, diverse Sitz- und Liegem\u00f6glichkeiten. Die Paar und der parallel laufende Flutgraben wurden zug\u00e4nglich gemacht, Spazierwege f\u00fchren durch das Areal, Info-Tafeln erkl\u00e4ren Stadt- und Naturgeschichte.<\/td><td class=\"column-4\">umgesetzt<\/td><td class=\"column-5\">280000<\/td><td class=\"column-6\">117647<\/td>\n<\/tr>\n<tr class=\"row-43 odd\">\n\t<td class=\"column-1\"><\/td><td class=\"column-2\">Mitanand und f\u00fcranand im Wittelsbacher Land<br \/>\n<br \/>\nLandkreis Aichach-Friedberg<\/td><td class=\"column-3\">Die Freiwilligenagentur \"mitanand &amp; f\u00fcranand im Wittelsbacher Land\" ist ein Koordinierungszentrum f\u00fcr b\u00fcrgerschaftliches Engagement und Anlaufstelle rund um das Thema Ehrenamt im Landkreis Aichach-Friedberg.<\/td><td class=\"column-4\">umgesetzt, in nachhaltiger Fortf\u00fchrung<\/td><td class=\"column-5\">150956<\/td><td class=\"column-6\">70731<\/td>\n<\/tr>\n<tr class=\"row-44 even\">\n\t<td class=\"column-1\"><\/td><td class=\"column-2\">Schulbuch \"Mein Wittelsbacher Land\"<br \/>\n<br \/>\nStadtsparkasse Aichach<\/td><td class=\"column-3\">\"Wittelsbacher Land - meine Heimat\" ist der Titel eines Sachbuches, das an den Schulen im Landkreis Aichach-Friedberg genutzt wird. Die Initiative daf\u00fcr ging auf Schul\u00e4mter und einzelne Lehrer zur\u00fcck, da es f\u00fcr den Heimatunter-richt keine spezifischen, auf die Region ausgerichtete Lehrmaterialien gibt.<\/td><td class=\"column-4\">umgesetzt<\/td><td class=\"column-5\">30000<\/td><td class=\"column-6\">14000<\/td>\n<\/tr>\n<tr class=\"row-45 odd\">\n\t<td class=\"column-1\"><\/td><td class=\"column-2\">Zinndioramen zur Lechfeldschlacht<br \/>\n<br \/>\nWittelsbacher Land e.V.<\/td><td class=\"column-3\">Die Lechfeldschlacht gilt als Vorstufe zu einem geeinten Deutschland. Sie war auf dem Lechfeld selbst bisher nicht erlebbar gemacht. Daher wurde die Idee entwickelt, mit einem gro\u00dfformatigen Zinndiorama die Schlacht darzustellen. Drei Dioramen mit je 12 Quadratmetern und insgesamt 3500 Figuren wurden eingerichtet. Sie sind in einem Informations- und Pr\u00e4sentationspavillon in K\u00f6nigsbrunn zu sehen.<\/td><td class=\"column-4\">umgesetzt, in der nachhaltigen Fortf\u00fchrung<\/td><td class=\"column-5\">182700<\/td><td class=\"column-6\">92118<\/td>\n<\/tr>\n<tr class=\"row-46 even\">\n\t<td class=\"column-1\"><\/td><td class=\"column-2\">Radwegenetz Nordschwaben<br \/>\n<br \/>\nSchw\u00e4bisches Donautal<\/td><td class=\"column-3\">Zentrales Ziel des Projektes war die Weiterentwicklung vorhandener Radwegeplanungen und Infrastrukturma\u00dfnahmen, hin zu einem durchg\u00e4ngigen und qualitativ hochwertigen Angebot, das ganz Nordschwaben umfasst.<\/td><td class=\"column-4\">umgesetzt<\/td><td class=\"column-5\">894474<\/td><td class=\"column-6\">450995<\/td>\n<\/tr>\n<tr class=\"row-47 odd\">\n\t<td class=\"column-1\"><\/td><td class=\"column-2\">Bayerische Jakobuswege<br \/>\n<br \/>\nLAG Kelheim<\/td><td class=\"column-3\">Ziel des LEADER-Kooperationsprojekts war die Weiterentwicklung und verbesserte Koordination des bayernweiten Jakobswegenetzes in Bayern. Beteiligt sind 46 Partner, davon 35 lokale Aktionsgruppen. Zum Projekt geh\u00f6ren die einheitliche Beschilderung der Jakobuswege, die Ausbildung von Pilgerbetreuern und eine hilfreiche \u00d6ffentlichkeitsarbeit.<\/td><td class=\"column-4\">umgesetzt<\/td><td class=\"column-5\">198328<\/td><td class=\"column-6\">109262<\/td>\n<\/tr>\n<tr class=\"row-48 even\">\n\t<td class=\"column-1\"><\/td><td class=\"column-2\">Europ\u00e4ische Jakobuswege<br \/>\n<br \/>\nLAG Kelheim<\/td><td class=\"column-3\">1987 wurde der Jakobsweg vom Europarat als Europ\u00e4isches Kulturgut anerkannt. Der Jakobusweg in Bayerisch Schwaben wurde am 25.7.2003 in Augsburg er\u00f6ffnet. Entlang der weiteren Wegf\u00fchrung in \u00d6sterreich und der Schweiz sowie in anderen Regionen entstehen neue Jakobswege oder bestehende Wege entwickeln sich weiter. Eine Steuergruppe hat hierzu ein transnationales Projekt entwickelt.<\/td><td class=\"column-4\">umgesetzt<\/td><td class=\"column-5\">80000<\/td><td class=\"column-6\">47058<\/td>\n<\/tr>\n<tr class=\"row-49 odd\">\n\t<td class=\"column-1\"><\/td><td class=\"column-2\">Wallfahrten zwischen Donau, Lech und Alb<br \/>\n<br \/>\nLAG Begegnungsland Lech-Wertach<\/td><td class=\"column-3\">In Nordschwaben gibt es eine gro\u00dfe Anzahl Wallfahrtsorte, Wallfahrten, Pilgerwege und Pilgerst\u00e4tten. Auch ehemalige Wallfahrtsorte und Wallfahrten sind vorhanden. Dieses Potential war zu erfassen, zu vernetzen und dabei sich ergebende M\u00f6glichkeiten zu erarbeiten.<\/td><td class=\"column-4\">umgesetzt<\/td><td class=\"column-5\">80000<\/td><td class=\"column-6\">40366<\/td>\n<\/tr>\n<tr class=\"row-50 even\">\n\t<td class=\"column-1\"><\/td><td class=\"column-2\">Europ\u00e4ischer Oxenweg<br \/>\n<br \/>\nLAG Wittelsbacher Land und LAG Sauwald (\u00d6sterreich)<\/td><td class=\"column-3\">Das transnationale Projekt \u201eEurop\u00e4ischer Oxenweg\u201c folgt dem Leader-Plus-Projekt \u201eAltbaierischer Oxenweg\u201c der LAG Wittelsbacher Land. Nun wurde in n\u00e4chsten Schritten der ehemalige Oxenweg von \u00d6sterreich bis nach Augsburg als touristisches und wirtschaftliches Highlight wiederbelebt.<\/td><td class=\"column-4\">umgesetzt, in der nachhaltigen Fortf\u00fchrung<\/td><td class=\"column-5\">134700<\/td><td class=\"column-6\">44753<\/td>\n<\/tr>\n<tr class=\"row-51 odd\">\n\t<td class=\"column-1\"><\/td><td class=\"column-2\">Klimafreundliche D\u00e4cher im Wittelsbacher Land<br \/>\n<br \/>\nLandratsamt Aichach-Friedberg, Fachstelle f\u00fcr Klimaschutz<\/td><td class=\"column-3\">Private Hausbesitzer, Unternehmen und Landwirte werden sensibilisiert, selbst produzierte Solarenergie zur eigenen Strom- und Warmwasserversorgung zu nutzen. Zudem soll Interesse geweckt werden f\u00fcr begr\u00fcnte D\u00e4cher. Gr\u00fcne D\u00e4cher haben zahlreiche positive Wirkungen f\u00fcr eine bessere Umweltqualit\u00e4t.<\/td><td class=\"column-4\">geplant<\/td><td class=\"column-5\">47000<\/td><td class=\"column-6\">20000<\/td>\n<\/tr>\n<tr class=\"row-52 even\">\n\t<td class=\"column-1\"><\/td><td class=\"column-2\">Dauerausstellung im Sisi-Schloss in Unterwittelsbach<br \/>\n<br \/>\nStadt Aichach<\/td><td class=\"column-3\">Seit dem Jahr 2000 finden im Sisi-Schloss j\u00e4hrlich gut besuchte Sonderausstellungen mit Bezug zur \u00f6sterreichischen Kaiserin Elisabeth, genannt Sisi, statt. Mit einer Dauerausstellung soll das Schloss als Ausstellungsort langfristig gesichert werden.<\/td><td class=\"column-4\">geplant<\/td><td class=\"column-5\">200000<\/td><td class=\"column-6\">100000<\/td>\n<\/tr>\n<tr class=\"row-53 odd\">\n\t<td class=\"column-1\"><\/td><td class=\"column-2\">Besinnungsweg Derching<br \/>\n<br \/>\nStadt Friedberg<\/td><td class=\"column-3\">Der Heimatkundeverein Derching will einen Wanderweg f\u00fcr K\u00f6rper und Geist schaffen. Es soll ein Kulturlandschaftsweg zur Entschleunigung, zur Meditation und f\u00fcr pers\u00f6nliche Gedankenanst\u00f6\u00dfe entstehen. Dies soll durch sogenannte \u201eBesinnungspunkte\u201c umgesetzt werden, die sich an den Themen Natur, Glaube, Gemeinschaft und Industrie orientieren.<\/td><td class=\"column-4\">laufend<\/td><td class=\"column-5\">129000<\/td><td class=\"column-6\">54000<\/td>\n<\/tr>\n<\/tbody>\n<\/table>\n<!-- #tablepress-1 from cache -->\n<p>Einzelheiten erfahren Sie <a href=\"https:\/\/www.wittelsbacherland-verein.de\/projekte.html\">hier.<\/a><\/p>\n","protected":false},"excerpt":{"rendered":"<p>Einzelheiten erfahren Sie hier.<\/p>\n","protected":false},"author":24,"featured_media":0,"comment_status":"closed","ping_status":"closed","sticky":false,"template":"","format":"standard","meta":[],"categories":[1],"tags":[],"acf":[],"_links":{"self":[{"href":"https:\/\/eu-bayern.de\/kv-aichach-friedberg\/wp-json\/wp\/v2\/posts\/772"}],"collection":[{"href":"https:\/\/eu-bayern.de\/kv-aichach-friedberg\/wp-json\/wp\/v2\/posts"}],"about":[{"href":"https:\/\/eu-bayern.de\/kv-aichach-friedberg\/wp-json\/wp\/v2\/types\/post"}],"author":[{"embeddable":true,"href":"https:\/\/eu-bayern.de\/kv-aichach-friedberg\/wp-json\/wp\/v2\/users\/24"}],"replies":[{"embeddable":true,"href":"https:\/\/eu-bayern.de\/kv-aichach-friedberg\/wp-json\/wp\/v2\/comments?post=772"}],"version-history":[{"count":1,"href":"https:\/\/eu-bayern.de\/kv-aichach-friedberg\/wp-json\/wp\/v2\/posts\/772\/revisions"}],"predecessor-version":[{"id":783,"href":"https:\/\/eu-bayern.de\/kv-aichach-friedberg\/wp-json\/wp\/v2\/posts\/772\/revisions\/783"}],"wp:attachment":[{"href":"https:\/\/eu-bayern.de\/kv-aichach-friedberg\/wp-json\/wp\/v2\/media?parent=772"}],"wp:term":[{"taxonomy":"category","embeddable":true,"href":"https:\/\/eu-bayern.de\/kv-aichach-friedberg\/wp-json\/wp\/v2\/categories?post=772"},{"taxonomy":"post_tag","embeddable":true,"href":"https:\/\/eu-bayern.de\/kv-aichach-friedberg\/wp-json\/wp\/v2\/tags?post=772"}],"curies":[{"name":"wp","href":"https:\/\/api.w.org\/{rel}","templated":true}]}}