{"id":741,"date":"2022-01-25T10:38:14","date_gmt":"2022-01-25T09:38:14","guid":{"rendered":"https:\/\/eu-bayern.de\/kv-aichach-friedberg\/?p=741"},"modified":"2022-01-25T10:38:14","modified_gmt":"2022-01-25T09:38:14","slug":"europa-und-wir-informationen-fuer-unsere-mitglieder-und-freunde-nr-4","status":"publish","type":"post","link":"https:\/\/eu-bayern.de\/kv-aichach-friedberg\/europa-und-wir-informationen-fuer-unsere-mitglieder-und-freunde-nr-4\/","title":{"rendered":"&#8222;Europa und wir&#8220;: Informationen f\u00fcr unsere Mitglieder und Freunde (Nr.4)"},"content":{"rendered":"<p>Wie k\u00f6nnen wir unsere Mitglieder und Freunde auch in Zeiten von Corona mit Informationen und Neuigkeiten zu Europa versorgen? Das fragte sich der Vorstand des Kreisverbandes Aichach-Friedberg im November 2020. Es entstand die Idee eines kostenlosen Informationsblattes f\u00fcr alle Interessierten; redaktionell betreut vom Vorsitzenden Peter Halke und Vorstandsmitglied Mathilde Mahrenholtz, die sich auch um das Layout k\u00fcmmert. Nun freuen wir uns Ihnen bereits die vierte Ausgabe zu pr\u00e4sentieren.<\/p>\n<p>Was unterst\u00fctzt die Europ\u00e4ische Union in unserer Umgebung? Damit besch\u00e4ftigt sich die\u00a0 Reihe &#8222;Europa in unserem Landkreis&#8220;. Dort stellen wir in jeder Ausgabe des Informationsblattes ein Projekt vor, das in unserer Region von der Europ\u00e4ischen Union gef\u00f6rdert wurde\/wird. Dieses Mal das Musikfest in Blumenthal.\u00a0 Auch k\u00f6nnen Sie mehr \u00fcber unser Engagement im Landkreis erfahren. Peter Halke rekapituliert die Er\u00f6ffnung des &#8222;Europ\u00e4ischen Werte-Wanderwegs&#8220; in Aichach. Links, Inspiration und auch einige Worte zum Auftakt des neuen Jahres finden sich ebenfalls.<\/p>\n<p>Was bedeutet OLAF? Und wie geht die EU gegen grenz\u00fcbergreifende Gro\u00dfkriminalit\u00e4t vor? Diese Fragen beantwortet Peter Halke im letzten Beitrag der Serie &#8222;Was ist&#8230;&#8220;. Sie stellt pro Ausgabe eine Institution\/ein Organ der Europ\u00e4ischen Union vor. In dieser Ausgabe wird nun die Europ\u00e4ische Staatsanwaltschaft beschrieben.<\/p>\n<p>Interesse? <a href=\"https:\/\/eu-bayern.de\/kv-aichach-friedberg\/wp-content\/uploads\/sites\/23\/2022\/01\/informationsblatt_04_final.pdf\">Hier<\/a>\u00a0klicken um zu unserem kostenlosen Informationsblatt zu gelangen.<\/p>\n<p>Wer die letzte Ausgabe verpasst hat, kann sie <a href=\"https:\/\/eu-bayern.de\/kv-aichach-friedberg\/wp-content\/uploads\/sites\/23\/2021\/08\/Informationen-fuer-unsere-Mitglieder-und-Freunde-3.pdf\">hier<\/a>\u00a0einsehen.<\/p>\n","protected":false},"excerpt":{"rendered":"<p>Wie k\u00f6nnen wir unsere Mitglieder und Freunde auch in Zeiten von Corona mit Informationen und Neuigkeiten zu Europa versorgen? Das fragte sich der Vorstand des [&hellip;]<\/p>\n","protected":false},"author":24,"featured_media":681,"comment_status":"closed","ping_status":"closed","sticky":false,"template":"","format":"standard","meta":[],"categories":[1],"tags":[],"acf":[],"_links":{"self":[{"href":"https:\/\/eu-bayern.de\/kv-aichach-friedberg\/wp-json\/wp\/v2\/posts\/741"}],"collection":[{"href":"https:\/\/eu-bayern.de\/kv-aichach-friedberg\/wp-json\/wp\/v2\/posts"}],"about":[{"href":"https:\/\/eu-bayern.de\/kv-aichach-friedberg\/wp-json\/wp\/v2\/types\/post"}],"author":[{"embeddable":true,"href":"https:\/\/eu-bayern.de\/kv-aichach-friedberg\/wp-json\/wp\/v2\/users\/24"}],"replies":[{"embeddable":true,"href":"https:\/\/eu-bayern.de\/kv-aichach-friedberg\/wp-json\/wp\/v2\/comments?post=741"}],"version-history":[{"count":1,"href":"https:\/\/eu-bayern.de\/kv-aichach-friedberg\/wp-json\/wp\/v2\/posts\/741\/revisions"}],"predecessor-version":[{"id":743,"href":"https:\/\/eu-bayern.de\/kv-aichach-friedberg\/wp-json\/wp\/v2\/posts\/741\/revisions\/743"}],"wp:featuredmedia":[{"embeddable":true,"href":"https:\/\/eu-bayern.de\/kv-aichach-friedberg\/wp-json\/wp\/v2\/media\/681"}],"wp:attachment":[{"href":"https:\/\/eu-bayern.de\/kv-aichach-friedberg\/wp-json\/wp\/v2\/media?parent=741"}],"wp:term":[{"taxonomy":"category","embeddable":true,"href":"https:\/\/eu-bayern.de\/kv-aichach-friedberg\/wp-json\/wp\/v2\/categories?post=741"},{"taxonomy":"post_tag","embeddable":true,"href":"https:\/\/eu-bayern.de\/kv-aichach-friedberg\/wp-json\/wp\/v2\/tags?post=741"}],"curies":[{"name":"wp","href":"https:\/\/api.w.org\/{rel}","templated":true}]}}