{"id":680,"date":"2021-11-20T18:53:18","date_gmt":"2021-11-20T17:53:18","guid":{"rendered":"https:\/\/eu-bayern.de\/kv-aichach-friedberg\/?p=680"},"modified":"2021-12-01T12:24:23","modified_gmt":"2021-12-01T11:24:23","slug":"werte-wanderweg","status":"publish","type":"post","link":"https:\/\/eu-bayern.de\/kv-aichach-friedberg\/werte-wanderweg\/","title":{"rendered":"Er\u00f6ffnungsveranstaltung zum \u201eEuropa-Werte-Wanderweg\u201c"},"content":{"rendered":"<p>Eigentlich sollte diese Veranstaltung am 11. November im gro\u00dfen Sitzungssaal der Stadt Aichach stattfinden. Die gerade erst von der Bayerischen Staatsregierung aufgerufene Katastrophensituation aber hat diese Veranstaltung im geschlossenen Raum verhindert. Nachdem unsere Musikgruppe jedoch erkl\u00e4rte, auch drau\u00dfen spielen zu k\u00f6nnen, gingen wir ins Freie, wo wir uns auch mitten in der Ausstellung selbst befanden. <a href=\"https:\/\/www.aichacher-zeitung.de\/vorort\/aichach\/europa-laengst-nicht-mehr-heile-welt;art18,162585\">Ein treffender Bericht<\/a> erschien in den \u201eAichacher Nachrichten\u201c vom 15.11.21. <em>Update: der Werte-Wanderweg steht, sehr zu unserer Freude, nun sogar bis zum 10. Dezember am Tandlmarkt in Aichach.\u00a0<\/em><\/p>\n<p>Wir danken dem B\u00fcrgermeister der Stadt Aichach, Herrn Klaus Habermann, f\u00fcr seine volle Unterst\u00fctzung des Projektes. Er stellte uns die \u201egute Stube\u201c der Stadt, den \u201eEichenwald\u201c am Tandlmarkt zur Pr\u00e4sentation der Ausstellung zur Verf\u00fcgung, den jahreszeitlich am besten geeigneten Platz! Hierf\u00fcr vielen herzlichen Dank! Danke auch daf\u00fcr, dass uns der st\u00e4dtische Bauhof beim Aufstellen der Ausstellung massiv unterst\u00fctzen durfte.<\/p>\n<p>Ein weiteres Dankesch\u00f6n gilt auch den Sprechern der Gru\u00dfworte, Herrn stv. Landrat Manfred Losinger, Herrn B\u00fcrgermeister Klaus Habermann und dem Vorsitzenden der Europa-Union Bayern, Herrn Thorsten Frank f\u00fcr ihre treffenden Ausf\u00fchrungen. Unser Abgeordneter des Europ\u00e4ischen Parlaments, Herr Markus Ferber, zeigte eindrucksvoll die Bedeutung des Werte-Fundaments f\u00fcr die Europ\u00e4ische Union und des entschiedenen Einsatzes jedes Einzelnen von uns hierf\u00fcr auf.<\/p>\n<p>Unser Kreisvorsitzender, Herr Peter Halke, bedankte sich schlie\u00dflich bei der Musikgruppe des Deutschherrengymnasiums Aichach f\u00fcr die sehr gelungene Umrahmung der Veranstaltung. Er \u00fcberreichte den Mitwirkenden jeweils einen Europa-Becher mit dem Wunsch, dass dieser Europa beim Gebrauch ins Bewusstsein bringe.<\/p>\n<p><img class=\"alignnone size-full wp-image-684\" src=\"https:\/\/eu-bayern.de\/kv-aichach-friedberg\/wp-content\/uploads\/sites\/23\/2021\/11\/Th-9.jpg\" alt=\"\" width=\"800\" height=\"516\" \/> <img class=\"alignnone size-medium wp-image-685\" src=\"https:\/\/eu-bayern.de\/kv-aichach-friedberg\/wp-content\/uploads\/sites\/23\/2021\/11\/Ma-16.jpg\" alt=\"\" width=\"800\" height=\"510\" \/> <img class=\"alignnone size-full wp-image-683\" src=\"https:\/\/eu-bayern.de\/kv-aichach-friedberg\/wp-content\/uploads\/sites\/23\/2021\/11\/Ma-14.jpg\" alt=\"\" width=\"800\" height=\"479\" \/> <img class=\"alignnone size-full wp-image-682\" src=\"https:\/\/eu-bayern.de\/kv-aichach-friedberg\/wp-content\/uploads\/sites\/23\/2021\/11\/Ma-12.jpg\" alt=\"\" width=\"800\" height=\"443\" \/><\/p>\n","protected":false},"excerpt":{"rendered":"<p>Eigentlich sollte diese Veranstaltung am 11. November im gro\u00dfen Sitzungssaal der Stadt Aichach stattfinden. Die gerade erst von der Bayerischen Staatsregierung aufgerufene Katastrophensituation aber hat [&hellip;]<\/p>\n","protected":false},"author":24,"featured_media":681,"comment_status":"closed","ping_status":"closed","sticky":false,"template":"","format":"standard","meta":[],"categories":[1],"tags":[],"acf":[],"_links":{"self":[{"href":"https:\/\/eu-bayern.de\/kv-aichach-friedberg\/wp-json\/wp\/v2\/posts\/680"}],"collection":[{"href":"https:\/\/eu-bayern.de\/kv-aichach-friedberg\/wp-json\/wp\/v2\/posts"}],"about":[{"href":"https:\/\/eu-bayern.de\/kv-aichach-friedberg\/wp-json\/wp\/v2\/types\/post"}],"author":[{"embeddable":true,"href":"https:\/\/eu-bayern.de\/kv-aichach-friedberg\/wp-json\/wp\/v2\/users\/24"}],"replies":[{"embeddable":true,"href":"https:\/\/eu-bayern.de\/kv-aichach-friedberg\/wp-json\/wp\/v2\/comments?post=680"}],"version-history":[{"count":1,"href":"https:\/\/eu-bayern.de\/kv-aichach-friedberg\/wp-json\/wp\/v2\/posts\/680\/revisions"}],"predecessor-version":[{"id":702,"href":"https:\/\/eu-bayern.de\/kv-aichach-friedberg\/wp-json\/wp\/v2\/posts\/680\/revisions\/702"}],"wp:featuredmedia":[{"embeddable":true,"href":"https:\/\/eu-bayern.de\/kv-aichach-friedberg\/wp-json\/wp\/v2\/media\/681"}],"wp:attachment":[{"href":"https:\/\/eu-bayern.de\/kv-aichach-friedberg\/wp-json\/wp\/v2\/media?parent=680"}],"wp:term":[{"taxonomy":"category","embeddable":true,"href":"https:\/\/eu-bayern.de\/kv-aichach-friedberg\/wp-json\/wp\/v2\/categories?post=680"},{"taxonomy":"post_tag","embeddable":true,"href":"https:\/\/eu-bayern.de\/kv-aichach-friedberg\/wp-json\/wp\/v2\/tags?post=680"}],"curies":[{"name":"wp","href":"https:\/\/api.w.org\/{rel}","templated":true}]}}