{"id":645,"date":"2021-07-28T10:03:49","date_gmt":"2021-07-28T08:03:49","guid":{"rendered":"https:\/\/eu-bayern.de\/kv-aichach-friedberg\/?p=645"},"modified":"2021-07-28T10:03:49","modified_gmt":"2021-07-28T08:03:49","slug":"ehrung-der-preistraegerinnen-im-68-europaeischen-wettbewerb-an-der-konradin-realschule-friedberg","status":"publish","type":"post","link":"https:\/\/eu-bayern.de\/kv-aichach-friedberg\/ehrung-der-preistraegerinnen-im-68-europaeischen-wettbewerb-an-der-konradin-realschule-friedberg\/","title":{"rendered":"Ehrung der Preistr\u00e4ger*innen im 68. Europ\u00e4ischen Wettbewerb an der Konradin-Realschule Friedberg"},"content":{"rendered":"<p>Regelm\u00e4\u00dfig beteiligt sich die Konradin Realschule am Europ\u00e4ischen Wettbewerb, eine der \u00e4ltesten l\u00e4nder\u00fcbergreifenden Initiativen zur politischen Bildung in Europa.<\/p>\n<p>Im vergangenen Schuljahr reichten eine 7. und eine 8. Klasse Arbeiten im Sektor Aufsatz ein. Das Ergebnis war hervorragend: 12 Sch\u00fclerinnen und Sch\u00fcler erhielten einen Landespreis. Drei der Aufs\u00e4tze wurden an die Bundesjury weitergereicht, damit geh\u00f6ren diese zu den besten 22 schriftlichen Arbeiten in Bayern!<\/p>\n<p>Die Anfertigung der Arbeiten war in ein Projekt eingebettet, in dem die Sch\u00fcler und Sch\u00fclerinnen mehr \u00fcber die Geschichte Europas und vor allem der Europ\u00e4ischen Union erfuhren.<\/p>\n<p>Am Donnerstag, den 22. Juli fand in der Konradin-Realschule eine Ehrung der Preistr\u00e4ger*innen statt. F\u00fcr die Europa-Union Aichach-Friedberg begl\u00fcckw\u00fcnschten Peter Halke und Mathilde Mahrenholtz die Sch\u00fclerinnen und Sch\u00fcler. Peter Halke ging in seiner Ansprache vor allem auf die Bedeutung der EU f\u00fcr den nun seit 76 Jahren anhaltenden Frieden in Mitteleuropa ein. Er w\u00fcnschte, dass auch k\u00fcnftige Generationen in Frieden leben k\u00f6nnen und machte bewusst, dass der Erhalt des Friedens keine Selbstverst\u00e4ndlichkeit ist, sondern das Engagement eines jeden Einzelnen erfordert. Mathilde Mahrenholtz wies auf die dr\u00e4ngenden Probleme wie Umweltzerst\u00f6rung und Klimawandel hin, f\u00fcr deren L\u00f6sung sich bereits heute junge Europ\u00e4er beispielhaft einsetzen. Dieses Engagement muss in Zukunft nicht nur anhalten, sondern weiter ausgedehnt werden, um die notwendigen Ziele auch zu erreichen.<\/p>\n<p><em>Wenn Sie sich f\u00fcr die Themen und Ergebnisse des 68. Europ\u00e4ischen Wettbewerbs interessieren: <a href=\"https:\/\/www.europaeischer-wettbewerb.de\/ergebnisse\/ergebnisse-68-ew\/\">hier<\/a>\u00a0<\/em><em> werden Sie f\u00fcndig!<\/em><\/p>\n","protected":false},"excerpt":{"rendered":"<p>Regelm\u00e4\u00dfig beteiligt sich die Konradin Realschule am Europ\u00e4ischen Wettbewerb, eine der \u00e4ltesten l\u00e4nder\u00fcbergreifenden Initiativen zur politischen Bildung in Europa. Im vergangenen Schuljahr reichten eine 7. [&hellip;]<\/p>\n","protected":false},"author":24,"featured_media":646,"comment_status":"closed","ping_status":"closed","sticky":false,"template":"","format":"standard","meta":[],"categories":[1],"tags":[],"acf":[],"_links":{"self":[{"href":"https:\/\/eu-bayern.de\/kv-aichach-friedberg\/wp-json\/wp\/v2\/posts\/645"}],"collection":[{"href":"https:\/\/eu-bayern.de\/kv-aichach-friedberg\/wp-json\/wp\/v2\/posts"}],"about":[{"href":"https:\/\/eu-bayern.de\/kv-aichach-friedberg\/wp-json\/wp\/v2\/types\/post"}],"author":[{"embeddable":true,"href":"https:\/\/eu-bayern.de\/kv-aichach-friedberg\/wp-json\/wp\/v2\/users\/24"}],"replies":[{"embeddable":true,"href":"https:\/\/eu-bayern.de\/kv-aichach-friedberg\/wp-json\/wp\/v2\/comments?post=645"}],"version-history":[{"count":1,"href":"https:\/\/eu-bayern.de\/kv-aichach-friedberg\/wp-json\/wp\/v2\/posts\/645\/revisions"}],"predecessor-version":[{"id":647,"href":"https:\/\/eu-bayern.de\/kv-aichach-friedberg\/wp-json\/wp\/v2\/posts\/645\/revisions\/647"}],"wp:featuredmedia":[{"embeddable":true,"href":"https:\/\/eu-bayern.de\/kv-aichach-friedberg\/wp-json\/wp\/v2\/media\/646"}],"wp:attachment":[{"href":"https:\/\/eu-bayern.de\/kv-aichach-friedberg\/wp-json\/wp\/v2\/media?parent=645"}],"wp:term":[{"taxonomy":"category","embeddable":true,"href":"https:\/\/eu-bayern.de\/kv-aichach-friedberg\/wp-json\/wp\/v2\/categories?post=645"},{"taxonomy":"post_tag","embeddable":true,"href":"https:\/\/eu-bayern.de\/kv-aichach-friedberg\/wp-json\/wp\/v2\/tags?post=645"}],"curies":[{"name":"wp","href":"https:\/\/api.w.org\/{rel}","templated":true}]}}