{"id":625,"date":"2021-05-31T11:46:35","date_gmt":"2021-05-31T09:46:35","guid":{"rendered":"https:\/\/eu-bayern.de\/kv-aichach-friedberg\/?p=625"},"modified":"2021-06-14T12:47:46","modified_gmt":"2021-06-14T10:47:46","slug":"europa-und-wir-informationen-fuer-unsere-mitglieder-und-freunde-nr-2","status":"publish","type":"post","link":"https:\/\/eu-bayern.de\/kv-aichach-friedberg\/europa-und-wir-informationen-fuer-unsere-mitglieder-und-freunde-nr-2\/","title":{"rendered":"&#8222;Europa und wir&#8220;: Informationen f\u00fcr unsere Mitglieder und Freunde (Nr.2)"},"content":{"rendered":"<p>Wie k\u00f6nnen wir unsere Mitglieder und Freunde auch in Zeiten von Corona mit Informationen und Neuigkeiten zu Europa versorgen? Das fragte sich der Vorstand des Kreisverbandes Aichach-Friedberg im November 2020. Es entstand die Idee eines kostenlosen Informationsblattes f\u00fcr alle Interessierten; redaktionell betreut vom Vorsitzenden Peter Halke und Vorstandsmitglied Mathilde Mahrenholtz, die sich auch um das Layout k\u00fcmmert. Nach der Pilotausgabe letzten Jahres, freuen wir uns Ihnen die Nummer zwei zu pr\u00e4sentieren.<\/p>\n<p>Was unterst\u00fctzt die Europ\u00e4ische Union in unserer Umgebung? Damit besch\u00e4ftigt sich die neue Reihe &#8222;Europa in unserem Landkreis&#8220;. Dort stellen wir in jeder Ausgabe des Informationsblattes ein Projekt vor, das in unserer Region von der Europ\u00e4ischen Union gef\u00f6rdert wurde\/wird. Die Agrarreform vom 13. April wird analysiert und kommentiert. Auch eine aktuelle Veranstaltung, die Konferenz zur Zukunft Europas, findet Einzug. Weitere Veranstaltungen, Links, Tipps und Inspiration finden sich ebenfalls.<\/p>\n<p>Ist der Europarat das gleiche wie der Rat der Europ\u00e4ischen Union? Nein. Was unter &#8222;Europarat&#8220; zu verstehen ist erkl\u00e4rt Perter Halke im Beitrag der Serie &#8222;Was ist&#8230;&#8220;. Sie stellt pro Ausgabe eine Institution\/ein Organ der Europ\u00e4ischen Union vor. Weiterhin finden sich Neuigkeiten aus unserem Kreisverband und dem Vorstand.<\/p>\n<p>Interesse? <a href=\"https:\/\/eu-bayern.de\/kv-aichach-friedberg\/wp-content\/uploads\/sites\/23\/2021\/05\/Informationen-fuer-unsere-Mitglieder-und-Freunde-2.pdf\">Hier<\/a> klicken um zu unserem kostenlosen Informationsblatt zu gelangen.<\/p>\n<p>Wer die Erstausgabe verpasst hat, kann sie <a href=\"https:\/\/eu-bayern.de\/kv-aichach-friedberg\/europa-und-wir-informationen-fuer-unsere-mitglieder-und-freunde-nr-1\/\">hier<\/a> einsehen.<\/p>\n","protected":false},"excerpt":{"rendered":"<p>Wie k\u00f6nnen wir unsere Mitglieder und Freunde auch in Zeiten von Corona mit Informationen und Neuigkeiten zu Europa versorgen? Das fragte sich der Vorstand des [&hellip;]<\/p>\n","protected":false},"author":24,"featured_media":631,"comment_status":"closed","ping_status":"closed","sticky":false,"template":"","format":"standard","meta":[],"categories":[1],"tags":[],"acf":[],"_links":{"self":[{"href":"https:\/\/eu-bayern.de\/kv-aichach-friedberg\/wp-json\/wp\/v2\/posts\/625"}],"collection":[{"href":"https:\/\/eu-bayern.de\/kv-aichach-friedberg\/wp-json\/wp\/v2\/posts"}],"about":[{"href":"https:\/\/eu-bayern.de\/kv-aichach-friedberg\/wp-json\/wp\/v2\/types\/post"}],"author":[{"embeddable":true,"href":"https:\/\/eu-bayern.de\/kv-aichach-friedberg\/wp-json\/wp\/v2\/users\/24"}],"replies":[{"embeddable":true,"href":"https:\/\/eu-bayern.de\/kv-aichach-friedberg\/wp-json\/wp\/v2\/comments?post=625"}],"version-history":[{"count":1,"href":"https:\/\/eu-bayern.de\/kv-aichach-friedberg\/wp-json\/wp\/v2\/posts\/625\/revisions"}],"predecessor-version":[{"id":633,"href":"https:\/\/eu-bayern.de\/kv-aichach-friedberg\/wp-json\/wp\/v2\/posts\/625\/revisions\/633"}],"wp:featuredmedia":[{"embeddable":true,"href":"https:\/\/eu-bayern.de\/kv-aichach-friedberg\/wp-json\/wp\/v2\/media\/631"}],"wp:attachment":[{"href":"https:\/\/eu-bayern.de\/kv-aichach-friedberg\/wp-json\/wp\/v2\/media?parent=625"}],"wp:term":[{"taxonomy":"category","embeddable":true,"href":"https:\/\/eu-bayern.de\/kv-aichach-friedberg\/wp-json\/wp\/v2\/categories?post=625"},{"taxonomy":"post_tag","embeddable":true,"href":"https:\/\/eu-bayern.de\/kv-aichach-friedberg\/wp-json\/wp\/v2\/tags?post=625"}],"curies":[{"name":"wp","href":"https:\/\/api.w.org\/{rel}","templated":true}]}}