{"id":600,"date":"2020-11-23T19:17:40","date_gmt":"2020-11-23T18:17:40","guid":{"rendered":"https:\/\/eu-bayern.de\/kv-aichach-friedberg\/?p=600"},"modified":"2020-11-23T19:19:53","modified_gmt":"2020-11-23T18:19:53","slug":"europa-und-wir-informationen-fuer-unsere-mitglieder-und-freunde-nr-1","status":"publish","type":"post","link":"https:\/\/eu-bayern.de\/kv-aichach-friedberg\/europa-und-wir-informationen-fuer-unsere-mitglieder-und-freunde-nr-1\/","title":{"rendered":"&#8222;Europa und wir&#8220;: Informationen f\u00fcr unsere Mitglieder und Freunde (Nr. 1)"},"content":{"rendered":"<p>Der Kreisverband Aichach-Friedberg der Europa-Union freut sich Ihnen sein neues Informationsblatt &#8222;Europa und wir&#8220; vorstellen zu d\u00fcrfen. In der Erstausgabe geht es unter anderem um die Rechtsstaatlichkeit als tragende S\u00e4ule der europ\u00e4ischen Wertegemeinschaft, die Pr\u00e4sidentschaftswahlen in den Vereinigten Staaten von Amerika und die Herausforderungen vor denen die Verbandsarbeit in Zeiten der Corona-Pandemie steht.<\/p>\n<p>Das von Peter Halke und Mathilde Mahrenholtz gestaltete Informationsblatt finden Sie <a href=\"https:\/\/eu-bayern.de\/kv-aichach-friedberg\/wp-content\/uploads\/sites\/23\/2020\/11\/Europa-und-wir-1.pdf\" target=\"_blank\" rel=\"noopener noreferrer\">hier<\/a>.<\/p>\n","protected":false},"excerpt":{"rendered":"<p>Der Kreisverband Aichach-Friedberg der Europa-Union freut sich Ihnen sein neues Informationsblatt &#8222;Europa und wir&#8220; vorstellen zu d\u00fcrfen.<\/p>\n","protected":false},"author":24,"featured_media":601,"comment_status":"closed","ping_status":"closed","sticky":false,"template":"","format":"standard","meta":[],"categories":[1],"tags":[],"acf":[],"_links":{"self":[{"href":"https:\/\/eu-bayern.de\/kv-aichach-friedberg\/wp-json\/wp\/v2\/posts\/600"}],"collection":[{"href":"https:\/\/eu-bayern.de\/kv-aichach-friedberg\/wp-json\/wp\/v2\/posts"}],"about":[{"href":"https:\/\/eu-bayern.de\/kv-aichach-friedberg\/wp-json\/wp\/v2\/types\/post"}],"author":[{"embeddable":true,"href":"https:\/\/eu-bayern.de\/kv-aichach-friedberg\/wp-json\/wp\/v2\/users\/24"}],"replies":[{"embeddable":true,"href":"https:\/\/eu-bayern.de\/kv-aichach-friedberg\/wp-json\/wp\/v2\/comments?post=600"}],"version-history":[{"count":1,"href":"https:\/\/eu-bayern.de\/kv-aichach-friedberg\/wp-json\/wp\/v2\/posts\/600\/revisions"}],"predecessor-version":[{"id":606,"href":"https:\/\/eu-bayern.de\/kv-aichach-friedberg\/wp-json\/wp\/v2\/posts\/600\/revisions\/606"}],"wp:featuredmedia":[{"embeddable":true,"href":"https:\/\/eu-bayern.de\/kv-aichach-friedberg\/wp-json\/wp\/v2\/media\/601"}],"wp:attachment":[{"href":"https:\/\/eu-bayern.de\/kv-aichach-friedberg\/wp-json\/wp\/v2\/media?parent=600"}],"wp:term":[{"taxonomy":"category","embeddable":true,"href":"https:\/\/eu-bayern.de\/kv-aichach-friedberg\/wp-json\/wp\/v2\/categories?post=600"},{"taxonomy":"post_tag","embeddable":true,"href":"https:\/\/eu-bayern.de\/kv-aichach-friedberg\/wp-json\/wp\/v2\/tags?post=600"}],"curies":[{"name":"wp","href":"https:\/\/api.w.org\/{rel}","templated":true}]}}