{"id":559,"date":"2020-07-02T18:43:23","date_gmt":"2020-07-02T16:43:23","guid":{"rendered":"https:\/\/eu-bayern.de\/kv-aichach-friedberg\/?p=559"},"modified":"2020-07-02T18:43:23","modified_gmt":"2020-07-02T16:43:23","slug":"europas-zukunft-zusammen-gestalten-europa-union-aichach-friedberg-zur-deutschen-eu-ratspraesidentschaft","status":"publish","type":"post","link":"https:\/\/eu-bayern.de\/kv-aichach-friedberg\/europas-zukunft-zusammen-gestalten-europa-union-aichach-friedberg-zur-deutschen-eu-ratspraesidentschaft\/","title":{"rendered":"Europas Zukunft zusammen gestalten! Europa-Union Aichach-Friedberg zur deutschen EU-Ratspr\u00e4sidentschaft"},"content":{"rendered":"<p>\u201eNicht nur von europ\u00e4ischer Verantwortung reden, sondern sie auch wahrnehmen, das ist das Gebot der Stunde\u201c, sagt Peter Halke, Vorsitzender des Kreisverbandes Aichach-Friedberg der \u00fcberparteilichen Europa-Union Deutschland zum Start der deutschen EU-Ratspr\u00e4sidentschaft. \u201eAls gr\u00f6\u00dfter demokratischer B\u00fcrgerverein f\u00fcr Europa stehen wir dem Ratsvorsitz als Mittler in die Zivilgesellschaft zur Verf\u00fcgung.\u201c<\/p>\n<p>\u201eWir setzen uns f\u00fcr ein demokratisches und solidarisches Europa ein, das gemeinsam Handlungsf\u00e4higkeit beweist. \u201aNur zusammen haben wir Erfolg!\u2018 lautet unsere Devise\u201c, so Peter Halke. Voraussetzung daf\u00fcr sei auch der Wille in den EU-Staaten, europ\u00e4isch zu denken und zu handeln. \u201eDeutschland, das nun f\u00fcr sechs Monate den Vorsitz im Rat der EU innehat, muss bei der L\u00f6sung der aktuellen Probleme mutig und zielbewusst vorangehen.\u201c<\/p>\n<p>Neben der Bew\u00e4ltigung der Corona-Krise und ihrer Folgen f\u00fcr Gesellschaft und Wirtschaft gilt es f\u00fcr die Europ\u00e4ische Union, auch die Stabilit\u00e4t der Demokratie in all ihren Mitgliedstaaten zu sichern. \u201eIn der Digitalisierung voranzukommen und sichere Au\u00dfengrenzen zu gew\u00e4hrleisten, ist notwendig, aber entschieden zu wenig\u201c, so der Kreisverbandsvorsitzende.<\/p>\n<p>\u201eWir Europ\u00e4erinnen und Europ\u00e4er m\u00fcssen eine gemeinsame Idee von unserer Zukunft in der Welt des 21. Jahrhunderts entwickeln und unsere Institutionen entsprechend ausrichten.\u201c Deshalb sei die geplante und wegen der Pandemie verschobene gro\u00dfe Konferenz zur Zukunft Europas f\u00fcr die Europa-Union von hoher Priorit\u00e4t.<\/p>\n<p>\u201eDie Staats- und Regierungschefs m\u00fcssen einen ernsthaften Zukunftsdialog auch mit den B\u00fcrgerinnen und B\u00fcrgern f\u00fchren.\u201c Die Konferenz wird nach heutigem Stand zwar kein Mandat f\u00fcr Vertrags\u00e4nderungen haben. \u201eF\u00fcr die Europa-Union ist aber glasklar: Sie muss in einen neuen Verfassungskonvent \u00fcberf\u00fchrt werden\u201c, zeigt sich Peter Halke \u00fcberzeugt.<\/p>\n<p>\u201eDem neuen Ratsvorsitz w\u00fcnschen wir von ganzem Herzen viel Erfolg, denn viele weitere R\u00fcckschl\u00e4ge wird die europ\u00e4ische Einigung nicht verkraften\u201c, mahnt Halke.<\/p>\n","protected":false},"excerpt":{"rendered":"<p>\u201eNicht nur von europ\u00e4ischer Verantwortung reden, sondern sie auch wahrnehmen, das ist das Gebot der Stunde\u201c, sagt Peter Halke, Vorsitzender des Kreisverbandes Aichach-Friedberg der \u00fcberparteilichen Europa-Union Deutschland zum Start der deutschen EU-Ratspr\u00e4sidentschaft.<\/p>\n","protected":false},"author":24,"featured_media":0,"comment_status":"closed","ping_status":"closed","sticky":false,"template":"","format":"standard","meta":[],"categories":[1],"tags":[],"acf":[],"_links":{"self":[{"href":"https:\/\/eu-bayern.de\/kv-aichach-friedberg\/wp-json\/wp\/v2\/posts\/559"}],"collection":[{"href":"https:\/\/eu-bayern.de\/kv-aichach-friedberg\/wp-json\/wp\/v2\/posts"}],"about":[{"href":"https:\/\/eu-bayern.de\/kv-aichach-friedberg\/wp-json\/wp\/v2\/types\/post"}],"author":[{"embeddable":true,"href":"https:\/\/eu-bayern.de\/kv-aichach-friedberg\/wp-json\/wp\/v2\/users\/24"}],"replies":[{"embeddable":true,"href":"https:\/\/eu-bayern.de\/kv-aichach-friedberg\/wp-json\/wp\/v2\/comments?post=559"}],"version-history":[{"count":1,"href":"https:\/\/eu-bayern.de\/kv-aichach-friedberg\/wp-json\/wp\/v2\/posts\/559\/revisions"}],"predecessor-version":[{"id":560,"href":"https:\/\/eu-bayern.de\/kv-aichach-friedberg\/wp-json\/wp\/v2\/posts\/559\/revisions\/560"}],"wp:attachment":[{"href":"https:\/\/eu-bayern.de\/kv-aichach-friedberg\/wp-json\/wp\/v2\/media?parent=559"}],"wp:term":[{"taxonomy":"category","embeddable":true,"href":"https:\/\/eu-bayern.de\/kv-aichach-friedberg\/wp-json\/wp\/v2\/categories?post=559"},{"taxonomy":"post_tag","embeddable":true,"href":"https:\/\/eu-bayern.de\/kv-aichach-friedberg\/wp-json\/wp\/v2\/tags?post=559"}],"curies":[{"name":"wp","href":"https:\/\/api.w.org\/{rel}","templated":true}]}}