{"id":481,"date":"2020-03-05T13:56:55","date_gmt":"2020-03-05T12:56:55","guid":{"rendered":"https:\/\/eu-bayern.de\/kv-aichach-friedberg\/?p=481"},"modified":"2020-03-08T14:02:04","modified_gmt":"2020-03-08T13:02:04","slug":"das-wittelsbacher-land-eine-region-in-der-mitte-der-europaeischen-union","status":"publish","type":"post","link":"https:\/\/eu-bayern.de\/kv-aichach-friedberg\/das-wittelsbacher-land-eine-region-in-der-mitte-der-europaeischen-union\/","title":{"rendered":"\u201eDas Wittelsbacher Land &#8211; eine Region in der Mitte der Europ\u00e4ischen Union\u201c"},"content":{"rendered":"<p><strong>\u201eDas Wittelsbacher Land &#8211; eine Region in der Mitte der Europ\u00e4ischen Union\u201c<\/strong>\u00a0war das Thema eines Vortrags der Europa-Union am Donnerstag, den 05.03.2020 am Gymnasium Friedberg. Der Referent, Herr Matthias Feiger, schilderte eindrucksvoll die Bem\u00fchungen, nach der Gebietsreform einen f\u00fcr unseren neu zusammen gesetzten Landkreis vereinenden Namen zu finden. Sein Vorschlag \u201eWittelsbacher Land\u201c, basierend auf der Geschichte unserer Region, fand schlie\u00dflich eine breite Mehrheit.<\/p>\n<p>Der dann vor \u00fcber 20 Jahren gegr\u00fcndete \u201eWittelsbacher Land Verein\u201c wurde eine die Entwicklung des Landkreises entscheidend beeinflussende Einrichtung. Er arbeitet mit den politischen Gremien des Landkreises, den St\u00e4dten und Gemeinden eng zusammen, Firmen, Verb\u00e4nde und Privatpersonen z\u00e4hlen zu seinen Mitgliedern. Er ist auch die Bindestelle zu den europ\u00e4ischen Institutionen und k\u00fcmmert sich insbesondere um den Erhalt und die Verteilung von F\u00f6rdermitteln aus dem europ\u00e4ischen LEADER-Projekt, das der F\u00f6rderung des l\u00e4ndlichen Raumes dient. Bisher wurden aus diesem Topf ca. 3,6 Mio Euro f\u00fcr viele Projekte in unserem Landkreis erhalten. Mit diesen europ\u00e4ischen Mitteln konnte deren Realisierung erleichtert, unterst\u00fctzt und teilweise erst erm\u00f6glicht werden. Aus europ\u00e4ischer Sicht ist dabei die Erneuerung des Oxenwegs interessant, der die engen wirtschaftlichen Beziehungen in Europa bereits im Mittelalter beweist.<\/p>\n<p>Der Vorsitzende des Kreisverbands Aichach-Friedberg der Europa-Union, Herr Peter Halke, dankte dem Referenten f\u00fcr seine an interessanten Informationen reichen Ausf\u00fchrungen und ergriff die Gelegenheit an die Teilnehmer zu appellieren, bei der bevorstehenden Kommunalwahl europafreundliche Kandidaten und Parteien zu w\u00e4hlen: nur durch Unterst\u00fctzung bereits auf kommunaler Ebene k\u00f6nne ein gemeinsames, friedens- und wohlstandssicherndes Europa funktionieren.<\/p>\n<p><img class=\"alignnone size-full wp-image-483\" src=\"https:\/\/eu-bayern.de\/kv-aichach-friedberg\/wp-content\/uploads\/sites\/23\/2020\/03\/M3.jpg\" alt=\"\" width=\"800\" height=\"442\" \/><\/p>\n","protected":false},"excerpt":{"rendered":"<p>\u201eDas Wittelsbacher Land &#8211; eine Region in der Mitte der Europ\u00e4ischen Union\u201c war das Thema eines Vortrags der Europa-Union am Donnerstag, 05.03.2020 am Gymnasium Friedberg. Der Referent, Herr Matthias Feiger, schilderte eindrucksvoll die Bem\u00fchungen, nach der Gebietsreform einen f\u00fcr unseren neu zusammen gesetzten Landkreis vereinenden Namen zu finden. Sein Vorschlag \u201eWittelsbacher Land\u201c, basierend auf der Geschichte unserer Region, fand schlie\u00dflich eine breite Mehrheit.<\/p>\n","protected":false},"author":24,"featured_media":482,"comment_status":"closed","ping_status":"closed","sticky":false,"template":"","format":"standard","meta":[],"categories":[1],"tags":[],"acf":[],"_links":{"self":[{"href":"https:\/\/eu-bayern.de\/kv-aichach-friedberg\/wp-json\/wp\/v2\/posts\/481"}],"collection":[{"href":"https:\/\/eu-bayern.de\/kv-aichach-friedberg\/wp-json\/wp\/v2\/posts"}],"about":[{"href":"https:\/\/eu-bayern.de\/kv-aichach-friedberg\/wp-json\/wp\/v2\/types\/post"}],"author":[{"embeddable":true,"href":"https:\/\/eu-bayern.de\/kv-aichach-friedberg\/wp-json\/wp\/v2\/users\/24"}],"replies":[{"embeddable":true,"href":"https:\/\/eu-bayern.de\/kv-aichach-friedberg\/wp-json\/wp\/v2\/comments?post=481"}],"version-history":[{"count":1,"href":"https:\/\/eu-bayern.de\/kv-aichach-friedberg\/wp-json\/wp\/v2\/posts\/481\/revisions"}],"predecessor-version":[{"id":485,"href":"https:\/\/eu-bayern.de\/kv-aichach-friedberg\/wp-json\/wp\/v2\/posts\/481\/revisions\/485"}],"wp:featuredmedia":[{"embeddable":true,"href":"https:\/\/eu-bayern.de\/kv-aichach-friedberg\/wp-json\/wp\/v2\/media\/482"}],"wp:attachment":[{"href":"https:\/\/eu-bayern.de\/kv-aichach-friedberg\/wp-json\/wp\/v2\/media?parent=481"}],"wp:term":[{"taxonomy":"category","embeddable":true,"href":"https:\/\/eu-bayern.de\/kv-aichach-friedberg\/wp-json\/wp\/v2\/categories?post=481"},{"taxonomy":"post_tag","embeddable":true,"href":"https:\/\/eu-bayern.de\/kv-aichach-friedberg\/wp-json\/wp\/v2\/tags?post=481"}],"curies":[{"name":"wp","href":"https:\/\/api.w.org\/{rel}","templated":true}]}}