{"id":2080,"date":"2026-01-16T18:05:54","date_gmt":"2026-01-16T17:05:54","guid":{"rendered":"https:\/\/eu-bayern.de\/bv-unterfranken\/?p=2080"},"modified":"2026-01-16T18:05:54","modified_gmt":"2026-01-16T17:05:54","slug":"schutz-vor-falschinfomationen","status":"publish","type":"post","link":"https:\/\/eu-bayern.de\/bv-unterfranken\/schutz-vor-falschinfomationen\/","title":{"rendered":"Schutz vor Falschinfomationen"},"content":{"rendered":"<p class=\"tinymce_own02\">Bad Kissingen.<br \/>\nWas sind Desinformationen, Alternative Fakten, Fake News, Deep Fakes, wie erkennen wir sie und wie k\u00f6nnen wir uns davor sch\u00fctzen? Mit diesen Fragen besch\u00e4ftigte sich ein Workshop bei einer Kooperationsveranstaltung des Bezirksverbandes der Europa Union Unterfranken, des Kreisverbandes Bad Kissingen und der Volkshochschule.<\/p>\n<p>Im Gegensatz zu autorit\u00e4ren Staaten sind insbesondere pluralistische Gesellschaften, die Meinungsvielfalt und Meinungsfreiheit gew\u00e4hrleisten, durch Falschinformationen in den sozialen Medien st\u00e4rker gef\u00e4hrdet, so der Bezirksvorsitzende Reinhard Schaupp in seinem Eingangsstatement. Sie destabilisieren die Demokratie, f\u00f6rdern Intoleranz und gef\u00e4hrden unsere Freiheit. Der Moderator, Herr Adrian Schilde von der Bayern Allianz gegen Desinformation, erkl\u00e4rte an aktuellen Fallbeispielen aus den Bereichen Politik, Gesundheit und Klima die Arten und Mechanismen der Desinfektion und schulte die Teilnehmerinnen im professionellen Umgang mit digitalen Angriffen. Gemeinsam wurden Schutzkonzepte zur F\u00f6rderung der demokratischen Widerstandkraft vor Ort erarbeitet.<\/p>\n<p style=\"text-align: right\">Wilfried Vogler<\/p>\n","protected":false},"excerpt":{"rendered":"<p>Bad Kissingen.<br \/>\nWas sind Desinformationen, Alternative Fakten, Fake News, Deep Fakes, wie erkennen wir sie und wie k\u00f6nnen wir uns davor sch\u00fctzen? Mit diesen Fragen besch\u00e4ftigte sich ein Workshop bei einer Kooperationsveranstaltung des Bezirksverbandes der Europa Union Unterfranken, des Kreisverbandes Bad Kissingen und der Volkshochschule. <\/p>\n","protected":false},"author":22,"featured_media":2079,"comment_status":"closed","ping_status":"closed","sticky":false,"template":"","format":"standard","meta":[],"categories":[1],"tags":[],"acf":[],"_links":{"self":[{"href":"https:\/\/eu-bayern.de\/bv-unterfranken\/wp-json\/wp\/v2\/posts\/2080"}],"collection":[{"href":"https:\/\/eu-bayern.de\/bv-unterfranken\/wp-json\/wp\/v2\/posts"}],"about":[{"href":"https:\/\/eu-bayern.de\/bv-unterfranken\/wp-json\/wp\/v2\/types\/post"}],"author":[{"embeddable":true,"href":"https:\/\/eu-bayern.de\/bv-unterfranken\/wp-json\/wp\/v2\/users\/22"}],"replies":[{"embeddable":true,"href":"https:\/\/eu-bayern.de\/bv-unterfranken\/wp-json\/wp\/v2\/comments?post=2080"}],"version-history":[{"count":1,"href":"https:\/\/eu-bayern.de\/bv-unterfranken\/wp-json\/wp\/v2\/posts\/2080\/revisions"}],"predecessor-version":[{"id":2082,"href":"https:\/\/eu-bayern.de\/bv-unterfranken\/wp-json\/wp\/v2\/posts\/2080\/revisions\/2082"}],"wp:featuredmedia":[{"embeddable":true,"href":"https:\/\/eu-bayern.de\/bv-unterfranken\/wp-json\/wp\/v2\/media\/2079"}],"wp:attachment":[{"href":"https:\/\/eu-bayern.de\/bv-unterfranken\/wp-json\/wp\/v2\/media?parent=2080"}],"wp:term":[{"taxonomy":"category","embeddable":true,"href":"https:\/\/eu-bayern.de\/bv-unterfranken\/wp-json\/wp\/v2\/categories?post=2080"},{"taxonomy":"post_tag","embeddable":true,"href":"https:\/\/eu-bayern.de\/bv-unterfranken\/wp-json\/wp\/v2\/tags?post=2080"}],"curies":[{"name":"wp","href":"https:\/\/api.w.org\/{rel}","templated":true}]}}