{"id":2036,"date":"2025-07-24T22:08:09","date_gmt":"2025-07-24T20:08:09","guid":{"rendered":"https:\/\/eu-bayern.de\/bv-unterfranken\/?p=2036"},"modified":"2025-07-24T22:08:09","modified_gmt":"2025-07-24T20:08:09","slug":"buergerdialog-der-europa-union-hammelburg-sorge-um-europas-demokratische-zukunft","status":"publish","type":"post","link":"https:\/\/eu-bayern.de\/bv-unterfranken\/buergerdialog-der-europa-union-hammelburg-sorge-um-europas-demokratische-zukunft\/","title":{"rendered":"B\u00fcrgerdialog der Europa-Union Hammelburg: Sorge um Europas demokratische Zukunft"},"content":{"rendered":"<p class=\"tinymce_own02\">Unter dem Titel \u201eWahnsinn in der Luft\u201c lud die Europa-Union Hammelburg am 22. Juli 2025 zu einem B\u00fcrgerdialog ins Weingut Ruppert ein. Dr. Reinhard Schaupp, Bezirksvorsitzender der Europa-Union, hielt ein Impulsreferat zur aktuellen Lage der Europ\u00e4ischen Union.<\/p>\n<p style=\"text-align: left\">Dr. Schaupp spannte den Bogen von den demokratischen Anf\u00e4ngen Europas bis zur heutigen EU, die auf den Grundpfeilern Freiheit, Demokratie und Rechtsstaatlichkeit ruhe. Diese Prinzipien sieht er zunehmend in Gefahr \u2013 nicht zuletzt durch Wahlergebnisse in L\u00e4ndern wie Frankreich, Italien und Polen, die autokratischen Tendenzen Vorschub leisten k\u00f6nnten.<br \/>\nBesonders warnte Schaupp vor dem wachsenden Einfluss extremistischer Str\u00f6mungen von links und rechts. Die EU sei ein empfindliches Gef\u00fcge, anf\u00e4llig f\u00fcr gezielte Angriffe auf demokratische Prozesse. Zum Abschluss warf er eine zentrale Frage in den Raum: Wie begegnen wir den Herausforderungen durch radikale Kr\u00e4fte?<br \/>\nIn der anschlie\u00dfenden Diskussion stand vor allem eine Frage im Mittelpunkt: Was kann jeder Einzelne hier vor Ort in Hammelburg tun, um Menschen f\u00fcr demokratische Grundwerte zu gewinnen \u2013 und sie von extremen Positionen abzubringen? Eine wichtige Erkenntnis des Abends: Die Brandmauer zur AfD m\u00fcsse bestehen bleiben \u2013 doch mindestens genauso wichtig sei es, dass Politik und Gesellschaft Br\u00fccken bauen, um W\u00e4hlerinnen und W\u00e4hler extremistischer Str\u00f6mungen zur\u00fcck in das demokratische Spektrum zu holen.<br \/>\nDer Austausch war engagiert \u2013 die Bereitschaft zum Handeln ist vorhanden, doch viele Teilnehmende zeigten sich unentschlossen, wie konkrete Schritte vor Ort aussehen k\u00f6nnten.<\/p>\n<p style=\"text-align: right\">Theresa Schmid<\/p>\n<p><em>Hinweis: Die n\u00e4chste Veranstaltung des \u201eAktionskreis Hammelburg \u2013 Gemeinsam stark f\u00fcr Demokratie\u201c zum Thema \u201eRadikal h\u00f6flich \u2013 Starke Worte f\u00fcr Demokratie\u201c findet als Kooperationsveranstaltung mit der VHS am Samstag, 18. Oktober 2025, im B\u00fcrgerhaus statt.<\/em><\/p>\n","protected":false},"excerpt":{"rendered":"<p>Unter dem Titel \u201eWahnsinn in der Luft\u201c lud die Europa-Union Hammelburg am 22. Juli 2025 zu einem B\u00fcrgerdialog ins Weingut Ruppert ein. Dr. Reinhard Schaupp, Bezirksvorsitzender der Europa-Union, hielt ein Impulsreferat zur aktuellen Lage der Europ\u00e4ischen Union.<\/p>\n","protected":false},"author":22,"featured_media":2035,"comment_status":"closed","ping_status":"closed","sticky":false,"template":"","format":"standard","meta":[],"categories":[1],"tags":[],"acf":[],"_links":{"self":[{"href":"https:\/\/eu-bayern.de\/bv-unterfranken\/wp-json\/wp\/v2\/posts\/2036"}],"collection":[{"href":"https:\/\/eu-bayern.de\/bv-unterfranken\/wp-json\/wp\/v2\/posts"}],"about":[{"href":"https:\/\/eu-bayern.de\/bv-unterfranken\/wp-json\/wp\/v2\/types\/post"}],"author":[{"embeddable":true,"href":"https:\/\/eu-bayern.de\/bv-unterfranken\/wp-json\/wp\/v2\/users\/22"}],"replies":[{"embeddable":true,"href":"https:\/\/eu-bayern.de\/bv-unterfranken\/wp-json\/wp\/v2\/comments?post=2036"}],"version-history":[{"count":1,"href":"https:\/\/eu-bayern.de\/bv-unterfranken\/wp-json\/wp\/v2\/posts\/2036\/revisions"}],"predecessor-version":[{"id":2037,"href":"https:\/\/eu-bayern.de\/bv-unterfranken\/wp-json\/wp\/v2\/posts\/2036\/revisions\/2037"}],"wp:featuredmedia":[{"embeddable":true,"href":"https:\/\/eu-bayern.de\/bv-unterfranken\/wp-json\/wp\/v2\/media\/2035"}],"wp:attachment":[{"href":"https:\/\/eu-bayern.de\/bv-unterfranken\/wp-json\/wp\/v2\/media?parent=2036"}],"wp:term":[{"taxonomy":"category","embeddable":true,"href":"https:\/\/eu-bayern.de\/bv-unterfranken\/wp-json\/wp\/v2\/categories?post=2036"},{"taxonomy":"post_tag","embeddable":true,"href":"https:\/\/eu-bayern.de\/bv-unterfranken\/wp-json\/wp\/v2\/tags?post=2036"}],"curies":[{"name":"wp","href":"https:\/\/api.w.org\/{rel}","templated":true}]}}