{"id":971,"date":"2024-06-02T15:00:42","date_gmt":"2024-06-02T13:00:42","guid":{"rendered":"https:\/\/eu-bayern.de\/bv-oberbayern\/?p=971"},"modified":"2024-06-02T15:05:40","modified_gmt":"2024-06-02T13:05:40","slug":"einladung-zu-einer-4-taegigen-reise-nach-luxemburg-speyer-trier","status":"publish","type":"post","link":"https:\/\/eu-bayern.de\/bv-oberbayern\/einladung-zu-einer-4-taegigen-reise-nach-luxemburg-speyer-trier\/","title":{"rendered":"Einladung zu einer 4-t\u00e4gigen Reise nach Luxemburg\/Speyer\/Trier"},"content":{"rendered":"<p><strong>4-t\u00e4gige Reise nach Luxemburg\/Speyer\/Trier<\/strong><\/p>\n<p style=\"font-weight: 400\"><strong>12. bis 15. September 2024<\/strong><\/p>\n<p style=\"font-weight: 400\"><strong><em>P<\/em><\/strong><strong><em>reis: 658,00 \u20ac pro Person im Doppelzimmer<\/em><\/strong><\/p>\n<p style=\"font-weight: 400\"><strong><em><u>(Nicht-Mitglieder pro Person: 698 \u20ac; EZ-Zuschlag f\u00fcr alle insgesamt: 212 \u20ac)<\/u><\/em><\/strong><\/p>\n<p style=\"font-weight: 400\"><strong><em>\u00a0<\/em><\/strong><\/p>\n<p style=\"font-weight: 400\"><strong>Mit Stoiber-Reisen im bequemen Fernreisebus<\/strong><\/p>\n<p style=\"font-weight: 400\"><strong>Reiseleitung: Walter G\u00f6bl <\/strong><\/p>\n<p style=\"font-weight: 400\"><strong>Im Reisepreis sind enthalten:<\/strong><\/p>\n<ul>\n<li><strong>Busfahrt nach Luxemburg und zur\u00fcck<\/strong><\/li>\n<li><strong>Bustransfers f\u00fcr die Aufenthalte in Speyer und Trier <\/strong><\/li>\n<li><strong>3 x \u00dcbernachtung\/Fr\u00fchst\u00fcck im Novotel Luxembourg Kirchberg (****)<\/strong><\/li>\n<li><strong>2 x Abendessen, 1 x Weinprobe<\/strong><\/li>\n<li><strong>Domf\u00fchrung in Speyer, Besuch des Grabs von Helmut Kohl<\/strong><\/li>\n<li><strong>Stadtf\u00fchrung in Luxemburg<\/strong><\/li>\n<li><strong>Stadtf\u00fchrung in Trier<\/strong><\/li>\n<\/ul>\n<p style=\"font-weight: 400\"><strong>\u00a0<\/strong><\/p>\n<p style=\"font-weight: 400\"><strong><u>Programm:<\/u><\/strong><\/p>\n<p style=\"font-weight: 400\"><strong><u>1.Tag: Donnerstag, 12. September 2024<\/u><\/strong><\/p>\n<p style=\"font-weight: 400\">Abfahrt zwischen 05.00 und 06.00 Uhr. Haltestellen: <strong>M\u00fchldorf Volksfestplatz<\/strong> und in M\u00fcnchen am <strong>P &amp; R Parkplatz Fr\u00f6ttmaning<\/strong>. Die Fahrt f\u00fchrt \u00fcber die Autobahn direkt nach Speyer, wo wir den ber\u00fchmten romanischen Dom mit F\u00fchrung besichtigen (unterwegs Pausen.) Acht Kaiser und K\u00f6nige des Mittelalters sind in der Krypta der ber\u00fchmten romanischen Basilika bestattet. Ganz in N\u00e4he besuchen wir das Grab eines gro\u00dfen Europ\u00e4ers, des Vaters der Deutschen Einheit, Helmut Kohl. Gegen 18:30 Uhr Ankunft in Luxemburg. Check-in im Hotel Novotel Kirchberg. Das Hotel liegt in der N\u00e4he der europ\u00e4ischen Institutionen. Abendessen im Hotel.<\/p>\n<p style=\"font-weight: 400\"><strong><u>2. Tag: Freitag, 13. September 2024<\/u><\/strong><\/p>\n<p style=\"font-weight: 400\">Fr\u00fchst\u00fcck im Hotel. Heute steht der Europ\u00e4ische Gerichtshof auf dem Programm. Dann geht es ins Stadtzentrum von Luxemburg, wo uns unser Reisef\u00fchrer erwartet, der uns die Sehensw\u00fcrdigkeiten der Hauptstadt des Gro\u00dfherzogtums zeigen wird. Nach Freizeit geht es abends gem\u00fctlich in eine typische Luxemburger Brasserie.<\/p>\n<p><strong><u>3. Tag: Samstag, 14. September 2024<\/u><\/strong><\/p>\n<p>Fr\u00fchst\u00fcck im Hotel. Wir fahren heute \u00fcber Land und landen zun\u00e4chst im St\u00e4dtchen Echternach mit Aufenthalt zur freien Verf\u00fcgung. Es folgt eine Fahrt entlang der luxemburgischen Seite der Mosel, bis wir unser Weingut erreichen und die weltber\u00fchmten Tropfen des Landes in einer Weinprobe genie\u00dfen k\u00f6nnen. Danach geht es zur\u00fcck ins Hotel. In unserem Viertel k\u00f6nnen Sie individuell den Abend beenden oder mit der Stra\u00dfenbahn (kostenlos) in die Stadt fahren.<\/p>\n<p><strong><u>4. Tag, Sonntag, 15. September 2024<\/u><\/strong><\/p>\n<p style=\"font-weight: 400\">Fr\u00fchst\u00fcck im Hotel und Check-out. Um 9 Uhr geht es weiter nach Trier, wo Sie eine einst\u00fcndige Stadtf\u00fchrung erwartet. Haben Sie gewusst, dass Trier Anfang des 4. Jahrhunderts eine der Hauptst\u00e4dte des r\u00f6mischen Reichs war? Anschlie\u00dfend schaukeln wir in unserem bequemen Reisebus nach Hause.<\/p>\n<p style=\"font-weight: 400\"><strong>\u00a0<\/strong><\/p>\n<p style=\"font-weight: 400\"><strong>Bei Interesse: Ein kurzes mail an <\/strong><a href=\"mailto:europa.oberbayern.goebl@web.de\"><strong>europa.oberbayern.goebl@web.de<\/strong><\/a><strong> gen\u00fcgt. Dann folgen die weiteren Unterlagen.<\/strong><\/p>\n<p>&nbsp;<\/p>\n<p><img class=\"alignnone size-full wp-image-976\" src=\"https:\/\/eu-bayern.de\/bv-oberbayern\/wp-content\/uploads\/sites\/15\/2024\/06\/speyer-4490757_1280.jpg\" alt=\"\" width=\"800\" height=\"555\" \/><\/p>\n<p><strong>Blick auf den Dom zu Speyer<br \/>\n<\/strong>(Foto: https:\/\/pixabay.com\/de\/users\/bboellinger-4262159\/)<\/p>\n<p>&nbsp;<\/p>\n<p><img class=\"alignnone size-full wp-image-978\" src=\"https:\/\/eu-bayern.de\/bv-oberbayern\/wp-content\/uploads\/sites\/15\/2024\/06\/IMG_4165-1.jpeg\" alt=\"\" width=\"800\" height=\"600\" \/><\/p>\n<p><strong>Blick \u00fcber die Altstadt von Luxemburg<br \/>\n<\/strong>(Foto: Maximilian Bauer)<\/p>\n<p>&nbsp;<\/p>\n<p><img class=\"size-full wp-image-977\" src=\"https:\/\/eu-bayern.de\/bv-oberbayern\/wp-content\/uploads\/sites\/15\/2024\/06\/trier-840701_1280.jpg\" alt=\"\" width=\"800\" height=\"571\" \/><\/p>\n<p><strong>Porta Nigra in Trier<br \/>\n<\/strong>(Foto: https:\/\/pixabay.com\/de\/users\/estrella-ontour-1159372\/)<\/p>\n<div class=\"mceTemp\"><\/div>\n","protected":false},"excerpt":{"rendered":"<p>Entdecken Sie vom 12. bis 15. September 2024 die kulturellen und historischen Sch\u00e4tze von Luxemburg, Speyer und Trier mit. Unterwegs mit dem komfortablen Fernreisebus besuchen Sie u.a. den ber\u00fchmten Speyerer Dom und das Grab von Helmut Kohl, erkunden Luxemburgs historische Stadt und genie\u00dfen eine Weinprobe an der Mosel. <\/p>\n","protected":false},"author":44,"featured_media":976,"comment_status":"closed","ping_status":"closed","sticky":false,"template":"","format":"standard","meta":[],"categories":[1],"tags":[],"acf":[],"_links":{"self":[{"href":"https:\/\/eu-bayern.de\/bv-oberbayern\/wp-json\/wp\/v2\/posts\/971"}],"collection":[{"href":"https:\/\/eu-bayern.de\/bv-oberbayern\/wp-json\/wp\/v2\/posts"}],"about":[{"href":"https:\/\/eu-bayern.de\/bv-oberbayern\/wp-json\/wp\/v2\/types\/post"}],"author":[{"embeddable":true,"href":"https:\/\/eu-bayern.de\/bv-oberbayern\/wp-json\/wp\/v2\/users\/44"}],"replies":[{"embeddable":true,"href":"https:\/\/eu-bayern.de\/bv-oberbayern\/wp-json\/wp\/v2\/comments?post=971"}],"version-history":[{"count":1,"href":"https:\/\/eu-bayern.de\/bv-oberbayern\/wp-json\/wp\/v2\/posts\/971\/revisions"}],"predecessor-version":[{"id":982,"href":"https:\/\/eu-bayern.de\/bv-oberbayern\/wp-json\/wp\/v2\/posts\/971\/revisions\/982"}],"wp:featuredmedia":[{"embeddable":true,"href":"https:\/\/eu-bayern.de\/bv-oberbayern\/wp-json\/wp\/v2\/media\/976"}],"wp:attachment":[{"href":"https:\/\/eu-bayern.de\/bv-oberbayern\/wp-json\/wp\/v2\/media?parent=971"}],"wp:term":[{"taxonomy":"category","embeddable":true,"href":"https:\/\/eu-bayern.de\/bv-oberbayern\/wp-json\/wp\/v2\/categories?post=971"},{"taxonomy":"post_tag","embeddable":true,"href":"https:\/\/eu-bayern.de\/bv-oberbayern\/wp-json\/wp\/v2\/tags?post=971"}],"curies":[{"name":"wp","href":"https:\/\/api.w.org\/{rel}","templated":true}]}}