{"id":834,"date":"2022-12-01T17:54:27","date_gmt":"2022-12-01T16:54:27","guid":{"rendered":"https:\/\/eu-bayern.de\/bv-oberbayern\/?p=834"},"modified":"2024-05-25T19:15:32","modified_gmt":"2024-05-25T17:15:32","slug":"hochkaraetige-talkrunde-der-europa-union-zu-ukraine-und-verteidigung","status":"publish","type":"post","link":"https:\/\/eu-bayern.de\/bv-oberbayern\/hochkaraetige-talkrunde-der-europa-union-zu-ukraine-und-verteidigung\/","title":{"rendered":"Hochkar\u00e4tige Talkrunde der Europa Union zu Ukraine und Verteidigung"},"content":{"rendered":"<p>\u201eKrieg gegen die Ukraine &#8211; Sicherheitstest f\u00fcr Europa. Kommt nun die europ\u00e4ische Verteidigungsunion?\u201c Das war das Thema einer Talkrunde des Kreisverbandes der Europa Union M\u00fchldorf, die offensichtlich den Nerv der Zeit getroffen hat. Vorsitzender Walter G\u00f6bl freute sich eingangs, 120 G\u00e4ste im M\u00fchldorfer Haferkasten begr\u00fc\u00dfen zu k\u00f6nnen.<\/p>\n<p>Das Podium, bestehend aus dem stellvertretenden Vorsitzenden der M\u00fcnchner Sicherheitskonferenz Dr. Benedikt Franke, dem ukrainischen Konsul Dmytrow Shevchenko sowie Bundeswehroberst Peter Eichelsd\u00f6rfer wurde von Fachjournalist Tobias Kurzmaier moderiert.<\/p>\n<p>Letzterem gelang es mit einem geschickten Fragenmix und Antwortspiel zun\u00e4chst wichtige Botschaften hervor zu locken. Der ukrainische Konsul berichtete von der Situation in seinem Land, u.a. davon, dass in seiner Heimat Gottesdienste ausfallen, weil die Priester zur russischen Armee eingezogen wurden. Der Diplomat warnte vor Putins Machthunger, der ohne entschiedene Gegenwehr auch nicht vor anderen europ\u00e4ischen Staaten halt machen wird.<\/p>\n<p>Dr. Franke sprach die vielen Abh\u00e4ngigkeiten Deutschlands nicht nur auf dem Energiemarkt an. Auch bei Solarpanelen und Rohstoffen f\u00fcr die Handy-Produktion und vieles mehr werde fast ausschlie\u00dflich importiert. Europas Aufgabe ist es, diese Abh\u00e4ngigkeiten zu analysieren und rasch entgegen zu steuern. Er warnte davor, die Abh\u00e4ngigkeiten von Ru\u00dfland mit solchen durch China zu tauschen.<\/p>\n<p>Oberst Eichelsd\u00f6rfer hatte eine vierseitige Liste von Waffen und Materialien dabei, die Deutschland an die Ukraine bereits geliefert hat. Die Landes- und B\u00fcndnisverteidigung habe, so der Soldat, wieder h\u00f6here Priorit\u00e4t und das sei auch wichtig. Er verwies auf laufende bilaterale Projekte mit der europ\u00e4ischen Union und B\u00fcndnispartnern. Dies k\u00f6nne man zu einer gemeinsamen europ\u00e4ischen Verteidigung weiterentwickeln<\/p>\n<p>In der Diskussion erinnerte der M\u00fchldorfer Altb\u00fcrgermeister G\u00fcnther Knoblauch daran, dass bereits bei einem Symposium im Jahr 2001 festgestellt wurde dass der Konflikt zwischen Russland und der Ukraine noch f\u00fcr viele Probleme im \u00f6stlichen Europa sorgen werde. Wolfgang Sch\u00f6nfelder bemerkte, dass Russland kulturell und geographisch zu Europa geh\u00f6rt und nicht dauerhaft ausgeschlossen werden k\u00f6nne.<\/p>\n<p><img class=\"alignnone size-full wp-image-837\" src=\"https:\/\/eu-bayern.de\/bv-oberbayern\/wp-content\/uploads\/sites\/15\/2022\/12\/Talkrunde-03-800x531-1.jpg\" alt=\"\" width=\"800\" height=\"531\" \/> <img class=\"alignnone size-full wp-image-838\" src=\"https:\/\/eu-bayern.de\/bv-oberbayern\/wp-content\/uploads\/sites\/15\/2022\/12\/Talkrunde-01-800x477-1.jpg\" alt=\"\" width=\"800\" height=\"477\" \/> <img class=\"alignnone size-full wp-image-836\" src=\"https:\/\/eu-bayern.de\/bv-oberbayern\/wp-content\/uploads\/sites\/15\/2022\/12\/Talkrunde-02-800x600-1.jpg\" alt=\"\" width=\"800\" height=\"600\" \/><\/p>\n","protected":false},"excerpt":{"rendered":"<p>\u201eKrieg gegen die Ukraine &#8211; Sicherheitstest f\u00fcr Europa. Kommt nun die europ\u00e4ische Verteidigungsunion?\u201c Das war das Thema einer Talkrunde des Kreisverbandes der Europa Union M\u00fchldorf &#8230;<\/p>\n","protected":false},"author":37,"featured_media":836,"comment_status":"closed","ping_status":"closed","sticky":false,"template":"","format":"standard","meta":[],"categories":[1],"tags":[],"acf":[],"_links":{"self":[{"href":"https:\/\/eu-bayern.de\/bv-oberbayern\/wp-json\/wp\/v2\/posts\/834"}],"collection":[{"href":"https:\/\/eu-bayern.de\/bv-oberbayern\/wp-json\/wp\/v2\/posts"}],"about":[{"href":"https:\/\/eu-bayern.de\/bv-oberbayern\/wp-json\/wp\/v2\/types\/post"}],"author":[{"embeddable":true,"href":"https:\/\/eu-bayern.de\/bv-oberbayern\/wp-json\/wp\/v2\/users\/37"}],"replies":[{"embeddable":true,"href":"https:\/\/eu-bayern.de\/bv-oberbayern\/wp-json\/wp\/v2\/comments?post=834"}],"version-history":[{"count":1,"href":"https:\/\/eu-bayern.de\/bv-oberbayern\/wp-json\/wp\/v2\/posts\/834\/revisions"}],"predecessor-version":[{"id":839,"href":"https:\/\/eu-bayern.de\/bv-oberbayern\/wp-json\/wp\/v2\/posts\/834\/revisions\/839"}],"wp:featuredmedia":[{"embeddable":true,"href":"https:\/\/eu-bayern.de\/bv-oberbayern\/wp-json\/wp\/v2\/media\/836"}],"wp:attachment":[{"href":"https:\/\/eu-bayern.de\/bv-oberbayern\/wp-json\/wp\/v2\/media?parent=834"}],"wp:term":[{"taxonomy":"category","embeddable":true,"href":"https:\/\/eu-bayern.de\/bv-oberbayern\/wp-json\/wp\/v2\/categories?post=834"},{"taxonomy":"post_tag","embeddable":true,"href":"https:\/\/eu-bayern.de\/bv-oberbayern\/wp-json\/wp\/v2\/tags?post=834"}],"curies":[{"name":"wp","href":"https:\/\/api.w.org\/{rel}","templated":true}]}}