{"id":2348,"date":"2026-05-01T14:02:06","date_gmt":"2026-05-01T12:02:06","guid":{"rendered":"https:\/\/eu-muenchen.de\/?p=2348"},"modified":"2026-05-01T14:03:53","modified_gmt":"2026-05-01T12:03:53","slug":"europa-mai-in-munchen","status":"publish","type":"post","link":"https:\/\/eu-bayern.de\/bv-muenchen\/europa-mai-in-munchen\/","title":{"rendered":"Europa-Mai in M\u00fcnchen"},"content":{"rendered":"<p>Am Sonntag, den 10. Mai, dreht sich zwischen 14 und 18 Uhr bereits zum f\u00fcnften Mal das Europa*Rad im Werksviertel. Mit knapp 50 pro-europ\u00e4ischen Organisationen, Vereinen und Institutionen laden die Kooperationspartner des M\u00fcnchner Europa-Mai alle M\u00fcnchner*innen gemeinsam zur freien Fahrt im Umadum, dem M\u00fcnchner Riesenrad . Hier gibt es f\u00fcr B\u00fcrgerinnen und B\u00fcrger die Gelegenheit sich zu europ\u00e4ischen Themen auszutauschen und gleichzeitig ein St\u00fcck Europa zu erleben. Von Diskussionen zu den Herausforderungen der EU \u00fcber Tr\u00e4ume und Visionen f\u00fcr die Zukunft bis hin zu kulturellem Austausch mit Partnerst\u00e4dten,\u00a0 vielen weiteren Themen, Angeboten f\u00fcr Kinder und Live-Musik ist alles dabei. Der Tag wird so bunt wie Europa!<\/p>\n<p>Das Europa*Rad wird veranstaltet von der Landeshauptstadt M\u00fcnchen, dem Verbindungsb\u00fcro des Europ\u00e4ischen Parlaments, der Vertretung der Europ\u00e4ischen Kommission in M\u00fcnchen, der Bayerischen Staatskanzlei, dem Centrum f\u00fcr angewandte Politikforschung der LMU und der Europa Union.<\/p>\n<p>&nbsp;<\/p>\n","protected":false},"excerpt":{"rendered":"<p>Am Sonntag, den 10. Mai, dreht sich zwischen 14 und 18 Uhr bereits zum f\u00fcnften Mal das Europa*Rad im Werksviertel. Mit knapp 50 pro-europ\u00e4ischen Organisationen, Vereinen und Institutionen laden die Kooperationspartner des M\u00fcnchner Europa-Mai alle M\u00fcnchner*innen gemeinsam zur freien Fahrt im Umadum, dem M\u00fcnchner Riesenrad. Mit dabei ist auch die Europa-Union M\u00fcnchen.<\/p>\n","protected":false},"author":30,"featured_media":0,"comment_status":"closed","ping_status":"closed","sticky":false,"template":"","format":"standard","meta":[],"categories":[1],"tags":[],"acf":[],"_links":{"self":[{"href":"https:\/\/eu-bayern.de\/bv-muenchen\/wp-json\/wp\/v2\/posts\/2348"}],"collection":[{"href":"https:\/\/eu-bayern.de\/bv-muenchen\/wp-json\/wp\/v2\/posts"}],"about":[{"href":"https:\/\/eu-bayern.de\/bv-muenchen\/wp-json\/wp\/v2\/types\/post"}],"author":[{"embeddable":true,"href":"https:\/\/eu-bayern.de\/bv-muenchen\/wp-json\/wp\/v2\/users\/30"}],"replies":[{"embeddable":true,"href":"https:\/\/eu-bayern.de\/bv-muenchen\/wp-json\/wp\/v2\/comments?post=2348"}],"version-history":[{"count":1,"href":"https:\/\/eu-bayern.de\/bv-muenchen\/wp-json\/wp\/v2\/posts\/2348\/revisions"}],"predecessor-version":[{"id":2350,"href":"https:\/\/eu-bayern.de\/bv-muenchen\/wp-json\/wp\/v2\/posts\/2348\/revisions\/2350"}],"wp:attachment":[{"href":"https:\/\/eu-bayern.de\/bv-muenchen\/wp-json\/wp\/v2\/media?parent=2348"}],"wp:term":[{"taxonomy":"category","embeddable":true,"href":"https:\/\/eu-bayern.de\/bv-muenchen\/wp-json\/wp\/v2\/categories?post=2348"},{"taxonomy":"post_tag","embeddable":true,"href":"https:\/\/eu-bayern.de\/bv-muenchen\/wp-json\/wp\/v2\/tags?post=2348"}],"curies":[{"name":"wp","href":"https:\/\/api.w.org\/{rel}","templated":true}]}}