{"id":2109,"date":"2024-05-23T07:15:48","date_gmt":"2024-05-23T05:15:48","guid":{"rendered":"https:\/\/eu-muenchen.de\/?p=2109"},"modified":"2024-05-23T07:38:56","modified_gmt":"2024-05-23T05:38:56","slug":"full-house-bei-der-podiumsdiskussion-zur-europawahl","status":"publish","type":"post","link":"https:\/\/eu-bayern.de\/bv-muenchen\/full-house-bei-der-podiumsdiskussion-zur-europawahl\/","title":{"rendered":"&#8220;Full House&#8221; bei der Podiumsdiskussion zur Europawahl mit Spitzenkandidierenden"},"content":{"rendered":"<p>Die von der Europa-Union M\u00fcnchen organisierte Podiumsdiskussion mit Spitzenkandidierenden, vier Wochen vor der anstehenden Europawahl am 09. Juni, stie\u00df auf sehr gro\u00dfes Interesse. Der Raum in der Katholischen Akademie Bayern war bis auf den letzten Platz gef\u00fcllt und f\u00fcr alle, die nicht dabei sein konnten, wurde eine Live-\u00dcbertragung erm\u00f6glicht. Auf dem Podium sprachen der Spitzenkandidat der CSU, Manfred Weber, und die Spitzenkandidatin der europ\u00e4ischen Gr\u00fcnen, Terry Reintke, \u00fcber aktuelle Fragen der Europ\u00e4ischen Union. Eingeleitet wurde der Abend mit einem Impulsvortrag des ehemaligen Bundesverfassungsrichters Professor Paul Kirchhof von der Universit\u00e4t Heidelberg. Kirchhof appellierte: \u201eWir m\u00fcssen dieses Europa bewusst erleben\u201c. Dieser Wahlakt m\u00fcsse ein Integrationsakt sein. Reintke sagte: \u201eEs ist ganz wichtig, dass von dieser Wahl ein Impuls ausgeht, dass die Europ\u00e4erinnen und Europ\u00e4er sagen, wir wollen au\u00dfen- und sicherheitspolitisch enger zusammenarbeiten.\u201c Daf\u00fcr sollten wir endlich das Einstimmigkeitsprinzip abschaffen. Weber stimmte dem zu: \u201eDer jetzige Lissabon-Vertrag sieht die Einstimmigkeit vor. Aber wenn die Blockade da ist, wenn eine Einigung nicht gelingt, darf sich Europa nicht vom Langsamsten aufhalten lassen\u201c. Dann m\u00fcssten wir auch andere Rechtskonstrukte finden, sagte Weber. Es ergab sich eine spannende Diskussion zwischen den Spitzenpolitikern nicht nur auf dem Podium, sondern auch im gemeinsamen Austausch danach.<\/p>\n<p>Die Diskussion ist auch abrufbar unter:<\/p>\n<div class=\"video-shortcode\"><iframe title=\"Podiumsdiskussion zur Europawahl 2024\" width=\"1100\" height=\"619\" src=\"https:\/\/www.youtube.com\/embed\/zmbBrxlMAUE?feature=oembed\" frameborder=\"0\" allow=\"accelerometer; autoplay; clipboard-write; encrypted-media; gyroscope; picture-in-picture; web-share\" referrerpolicy=\"strict-origin-when-cross-origin\" allowfullscreen><\/iframe><\/div>\n<p>Link zu Fotos:<br \/>\nhttps:\/\/www.picdrop.com\/peopleimage\/T9dYgdiUPU<\/p>\n","protected":false},"excerpt":{"rendered":"<p>Die von der Europa-Union M\u00fcnchen organisierte Podiumsdiskussion mit Spitzenkandidaten, vier Wochen vor der anstehenden Europawahl am 09. Juni, stie\u00df auf sehr gro\u00dfes Interesse. Der Raum in der Katholischen Akademie Bayern war bis auf den letzten Platz gef\u00fcllt und f\u00fcr alle, die nicht dabei sein konnten, wurde eine Live-\u00dcbertragung erm\u00f6glicht. Auf dem Podium sprachen der Spitzenkandidat der CSU, Manfred Weber, und die Spitzenkandidatin der europ\u00e4ischen Gr\u00fcnen, Terry Reintke, \u00fcber aktuelle Fragen der Europ\u00e4ischen Union. Eingeleitet wurde der Abend mit einem Impulsvortrag des ehemaligen Bundesverfassungsrichters Professor Paul Kirchhof von der Universit\u00e4t Heidelberg. <\/p>\n","protected":false},"author":30,"featured_media":0,"comment_status":"closed","ping_status":"closed","sticky":false,"template":"","format":"standard","meta":[],"categories":[1],"tags":[],"acf":[],"_links":{"self":[{"href":"https:\/\/eu-bayern.de\/bv-muenchen\/wp-json\/wp\/v2\/posts\/2109"}],"collection":[{"href":"https:\/\/eu-bayern.de\/bv-muenchen\/wp-json\/wp\/v2\/posts"}],"about":[{"href":"https:\/\/eu-bayern.de\/bv-muenchen\/wp-json\/wp\/v2\/types\/post"}],"author":[{"embeddable":true,"href":"https:\/\/eu-bayern.de\/bv-muenchen\/wp-json\/wp\/v2\/users\/30"}],"replies":[{"embeddable":true,"href":"https:\/\/eu-bayern.de\/bv-muenchen\/wp-json\/wp\/v2\/comments?post=2109"}],"version-history":[{"count":1,"href":"https:\/\/eu-bayern.de\/bv-muenchen\/wp-json\/wp\/v2\/posts\/2109\/revisions"}],"predecessor-version":[{"id":2112,"href":"https:\/\/eu-bayern.de\/bv-muenchen\/wp-json\/wp\/v2\/posts\/2109\/revisions\/2112"}],"wp:attachment":[{"href":"https:\/\/eu-bayern.de\/bv-muenchen\/wp-json\/wp\/v2\/media?parent=2109"}],"wp:term":[{"taxonomy":"category","embeddable":true,"href":"https:\/\/eu-bayern.de\/bv-muenchen\/wp-json\/wp\/v2\/categories?post=2109"},{"taxonomy":"post_tag","embeddable":true,"href":"https:\/\/eu-bayern.de\/bv-muenchen\/wp-json\/wp\/v2\/tags?post=2109"}],"curies":[{"name":"wp","href":"https:\/\/api.w.org\/{rel}","templated":true}]}}