{"id":1501,"date":"2021-04-26T21:36:30","date_gmt":"2021-04-26T19:36:30","guid":{"rendered":"https:\/\/eu-bayern.de\/bv-muenchen\/?p=1501"},"modified":"2021-05-02T09:07:35","modified_gmt":"2021-05-02T07:07:35","slug":"virtuelle-diskussionsrunde-repressive-medienpolitik-in-der-eu-ungarn-im-fokus","status":"publish","type":"post","link":"https:\/\/eu-bayern.de\/bv-muenchen\/virtuelle-diskussionsrunde-repressive-medienpolitik-in-der-eu-ungarn-im-fokus\/","title":{"rendered":"Virtuelle Diskussionsrunde \u201eRepressive Medienpolitik in der EU \u2013Ungarn im Fokus\u201c"},"content":{"rendered":"<p>Mit der Charta der Grundrechte der Europ\u00e4ischen Union sind Grundprinzipien wie Medienfreiheit und Medienpluralit\u00e4t vertraglich verankert. Doch ausgerechnet osteurop\u00e4ische Mitgliedsl\u00e4nder wie Ungarn, die f\u00fcr demokratische Prinzipien gek\u00e4mpft haben, schr\u00e4nken diese Grundrechte im eigenen Land zusehends ein<b>.\u00a0 Was kann die EU dagegen tun? Dar\u00fcber diskutieren:<br \/>\n<\/b><\/p>\n<p class=\"x_MsoNormal\" align=\"center\"><b>Dr. Othmar Karas<\/b>, Europ\u00e4ische Volkspartei, Vizepr\u00e4sident des Europ\u00e4ischen Parlaments<\/p>\n<p class=\"x_MsoNormal\" align=\"center\"><b>Lisa-Maria Kretschmer<\/b>, Advocacy Adviser EU \/ Rechtsstaatlichkeit &amp; Medienfreiheit bei Reporter ohne Grenzen Deutschland<\/p>\n<p class=\"x_MsoNormal\" align=\"center\"><b>Stephan Ozsv\u00e1th<\/b>,\u00a0 Journalist und Buchautor f\u00fcr S\u00fcdosteuropa \/ Ungarn<\/p>\n<p class=\"x_MsoNormal\" align=\"center\"><b>Moderation Dr. Natascha Zeitel-Bank<\/b>, Senior Lecturer an der Universit\u00e4t Innsbruck, Institut f\u00fcr Medien, Gesellschaft und Kommunikation; Vorstandsmitglied der Europa-Union M\u00fcnchen<b>Achtung! Die Zugangsdaten zur Veranstaltung am 05. Mai haben sich ge\u00e4ndert und lauten jetzt<\/b><\/p>\n<p class=\"x_MsoNormal\"><b>Nehmen Sie an meinem Meeting per Computer, Tablet oder Smartphone teil. <\/b><\/p>\n<div><a href=\"https:\/\/deref-gmx.net\/mail\/client\/HlshDrypcxk\/dereferrer\/?redirectUrl=https%3A%2F%2Fderef-gmx.net%2Fmail%2Fclient%2FJGOVfvdAvGg%2Fdereferrer%2F%3FredirectUrl%3Dhttps%253A%252F%252Fglobal.gotomeeting.com%252Fjoin%252F113476245\" target=\"_blank\" rel=\"noopener noreferrer\">https:\/\/global.gotomeeting.com\/join\/113476245<br \/>\n<\/a><br \/>\n<b>Sie k\u00f6nnen sich auch \u00fcber ein Telefon einw\u00e4hlen.<\/b><br \/>\nDeutschland: +49 892 0194 301<br \/>\n<b>Zugangscode:<\/b> 113-476-245Sie kennen GoToMeeting noch nicht? Installieren Sie jetzt die App, damit Sie f\u00fcr Ihr erstes Meeting bereit sind: <a href=\"https:\/\/deref-gmx.net\/mail\/client\/GWiWBe_H7K8\/dereferrer\/?redirectUrl=https%3A%2F%2Fderef-gmx.net%2Fmail%2Fclient%2Foi0W7SpPamU%2Fdereferrer%2F%3FredirectUrl%3Dhttps%253A%252F%252Fglobal.gotomeeting.com%252Finstall%252F113476245\" target=\"_blank\" rel=\"noopener noreferrer\">https:\/\/global.gotomeeting.com\/install\/113476245<\/a><\/div>\n<p>Mehr Informationen unter:<br \/>\n<a href=\"https:\/\/eu-bayern.de\/bv-muenchen\/wp-content\/uploads\/sites\/12\/2021\/04\/Einladung-EUM_Virtuelle-Diskussion_Repressive-Medienpolitik-in-der-EU.pdf\">Einladung EUM_Virtuelle Diskussion_Repressive Medienpolitik in der EU<\/a><\/p>\n","protected":false},"excerpt":{"rendered":"<p>Mit der Charta der Grundrechte der Europ\u00e4ischen Union sind Grundprinzipien wie Medienfreiheit und Medienpluralit\u00e4t vertraglich verankert. Doch ausgerechnet osteurop\u00e4ische Mitgliedsl\u00e4nder wie Ungarn, die f\u00fcr demokratische [&hellip;]<\/p>\n","protected":false},"author":30,"featured_media":1518,"comment_status":"closed","ping_status":"closed","sticky":false,"template":"","format":"standard","meta":[],"categories":[1,26],"tags":[],"acf":[],"_links":{"self":[{"href":"https:\/\/eu-bayern.de\/bv-muenchen\/wp-json\/wp\/v2\/posts\/1501"}],"collection":[{"href":"https:\/\/eu-bayern.de\/bv-muenchen\/wp-json\/wp\/v2\/posts"}],"about":[{"href":"https:\/\/eu-bayern.de\/bv-muenchen\/wp-json\/wp\/v2\/types\/post"}],"author":[{"embeddable":true,"href":"https:\/\/eu-bayern.de\/bv-muenchen\/wp-json\/wp\/v2\/users\/30"}],"replies":[{"embeddable":true,"href":"https:\/\/eu-bayern.de\/bv-muenchen\/wp-json\/wp\/v2\/comments?post=1501"}],"version-history":[{"count":3,"href":"https:\/\/eu-bayern.de\/bv-muenchen\/wp-json\/wp\/v2\/posts\/1501\/revisions"}],"predecessor-version":[{"id":1526,"href":"https:\/\/eu-bayern.de\/bv-muenchen\/wp-json\/wp\/v2\/posts\/1501\/revisions\/1526"}],"wp:featuredmedia":[{"embeddable":true,"href":"https:\/\/eu-bayern.de\/bv-muenchen\/wp-json\/wp\/v2\/media\/1518"}],"wp:attachment":[{"href":"https:\/\/eu-bayern.de\/bv-muenchen\/wp-json\/wp\/v2\/media?parent=1501"}],"wp:term":[{"taxonomy":"category","embeddable":true,"href":"https:\/\/eu-bayern.de\/bv-muenchen\/wp-json\/wp\/v2\/categories?post=1501"},{"taxonomy":"post_tag","embeddable":true,"href":"https:\/\/eu-bayern.de\/bv-muenchen\/wp-json\/wp\/v2\/tags?post=1501"}],"curies":[{"name":"wp","href":"https:\/\/api.w.org\/{rel}","templated":true}]}}