{"id":1408,"date":"2016-01-13T20:03:50","date_gmt":"2016-01-13T19:03:50","guid":{"rendered":"https:\/\/eu-bayern.de\/bv-muenchen\/?p=1408"},"modified":"2021-02-01T20:09:49","modified_gmt":"2021-02-01T19:09:49","slug":"griechenland-vom-umgang-mit-der-krise","status":"publish","type":"post","link":"https:\/\/eu-bayern.de\/bv-muenchen\/griechenland-vom-umgang-mit-der-krise\/","title":{"rendered":"Griechenland \u2013 vom Umgang mit der Krise"},"content":{"rendered":"<p>&nbsp;<\/p>\n<p>&nbsp;<\/p>\n<p class=\"tinymce_own01\" style=\"text-align: center;\">\u00bbGriechenland \u2013 vom Umgang mit der Krise\u00ab<\/p>\n<p>&nbsp;<\/p>\n<p>&nbsp;<\/p>\n<p>Bericht \u00fcber die Veranstaltung der S\u00fcdosteuropa-Gesellschaft in Kooperation mit der Europa-Union M\u00fcnchen<br \/>\nvom 13. Januar 2016 in der Seidlvilla<\/p>\n<p>&nbsp;<\/p>\n<p>Unter diesem Motto trafen sich der <strong>Literat Petros Markaris<\/strong> und der <strong>Griechenlandkenner Dr. Jens Bastian<\/strong> zu<br \/>\neinem Gespr\u00e4ch, moderiert vom Gesch\u00e4ftsf\u00fchrer der S\u00fcdosteuropa-Gesellschaft, Dr. Hansj\u00f6rg Brey. Markaris, international bekannt durch seine Kriminalromane, las aus seinem neuesten Roman. \u201eZur\u00fcck auf Start.<\/p>\n<p>Ein Fall f\u00fcr Kostas Charitos\u201c ist der j\u00fcngste Band einer Quadrilogie, geschrieben seit 2008 vor dem Hintergrund<br \/>\nder gro\u00dfen griechischen Krise. Dort erh\u00e4lt man Einblicke in den Alltag der Menschen, etwa des Kommissars, der<br \/>\nvon seiner Pension nicht wird leben k\u00f6nnen oder dar\u00fcber, wie man mit 420\u20ac zurechtkommt, wenn man wegen<br \/>\nder Kapitalverkehrskontrollen w\u00f6chentlich nicht mehr zur Verf\u00fcgung hat. F\u00fcr die Menschen in Griechenland \u201eist<br \/>\ndie Krise zum Alltag\u201c geworden, so Markaris; die Leute h\u00e4tten gelernt, mit den t\u00e4glichen Problemen zu leben,<br \/>\njedoch gebe es inzwischen erste Ans\u00e4tze zur Besserung. Die Regierung Tsipras habe hinzugelernt, aber der Preis<br \/>\nf\u00fcr sein sp\u00e4tes Lernen sei enorm.<\/p>\n<p>Auch f\u00fcr Jens Bastian, ehemaliges Mitglied der Task Force for Greece der Europ\u00e4ischen Kommission und<br \/>\ngefragter Experte, ist die Krise noch nicht vorbei, aber es gebe auch Positives zu berichten: etwa die neue<br \/>\ndeutsch-griechische Zusammenarbeit in der Steuerverwaltung sowie der Justizbeh\u00f6rden in der<br \/>\nKorruptionsbek\u00e4mpfung oder die f\u00fcr Griechenlands Tourismusbranche so bedeutsame (wenn auch sp\u00e4te)<br \/>\nEinigung mit Fraport \u00fcber die Nutzungsrechte an griechischen Regionalflugh\u00e4fen.<\/p>\n<p>In der anschlie\u00dfenden Aussprache sahen Diskutanten eine ermutigende Entwicklung in der Wahl von Kyriakos<br \/>\nMitsotakis zum neuen Vorsitzenden der griechischen Oppositionspartei Nea Dimokratia. Dieser kenntnisreiche<br \/>\nPolitiker zeige als Einziger einen Ansatz zum Umdenken. Mit ihm gebe es die Chance zu Kompromissfindungen in<br \/>\nder griechischen Politik; er k\u00f6nne dazu beitragen, die aggressive Konfrontation zwischen den Parteien \u2013 ein Erbe<br \/>\ndes B\u00fcrgerkrieges- zu beenden.<\/p>\n<p>In der Fl\u00fcchtlingsfrage zeigen sich Markaris und Bastian beeindruckt von der andauernden Hilfsbereitschaft<br \/>\ninsbesondere vieler junger Leute, aber auch der griechisch-orthodoxen Kirche. Man m\u00fcsse wissen, dass in<br \/>\nGriechenland der Fl\u00fcchtlingsstrom schon seit 3 Jahren anhalte. Deshalb stimme es auch hoffnungsvoll, dass die<br \/>\nrechtsextremistische Partei &#8220;Goldene Morgenr\u00f6te\u201c nicht an Bedeutung zugenommen habe.<br \/>\nDie Krisenzeit werde in Griechenland noch lange nicht beendet sein, auch angesichts neuer Exit-Drohungen<br \/>\n(Schengen-Ausschluss). Man m\u00fcsse hoffen, dass vor allen Dingen \u201edie kleinen Leute\u201c weiter durchhalten.<\/p>\n<p>&nbsp;<\/p>\n<style type='text\/css'>.reading-box-container-1 .element-bottomshadow:before,.reading-box-container-1 .element-bottomshadow:after{opacity:0.7;}<\/style><div class=\"fusion-reading-box-container reading-box-container-1 box12\" style=\"margin-top:0px;margin-bottom:84px;\"><div class=\"reading-box\" style=\"background-color:#f5f5f5;border-width:0px;border-color:#f6f6f6;border-left-width:3px;border-left-color:var(--primary_color);border-style:solid;\"><a class=\"button fusion-button button-default fusion-button-default-size button-default-size button-flat fusion-desktop-button fusion-tagline-button continue fusion-desktop-button-margin continue-right\" style=\"-webkit-box-shadow:none;-moz-box-shadow:none;box-shadow:none;border-radius:0px 0px 0px 0px\" href=\"https:\/\/eu-bayern.de\/bv-muenchen\/dl\/393\" target=\"_self\"><span>HERUNTERLADEN<\/span><\/a><h2>Bericht-13.1.16SOG-EUM<\/h2><div class=\"reading-box-description fusion-reading-box-additional\">INFO: PDF, 41.83 KB<\/div><div class=\"fusion-clearfix\"><\/div><a class=\"button fusion-button button-default fusion-button-default-size button-default-size button-flat fusion-mobile-button continue-right\" style=\"-webkit-box-shadow:none;-moz-box-shadow:none;box-shadow:none;border-radius:0px 0px 0px 0px\" href=\"https:\/\/eu-bayern.de\/bv-muenchen\/dl\/393\" target=\"_self\"><span>HERUNTERLADEN<\/span><\/a><\/div><\/div>\n","protected":false},"excerpt":{"rendered":"<p>&nbsp; &nbsp; \u00bbGriechenland \u2013 vom Umgang mit der Krise\u00ab &nbsp; &nbsp; Bericht \u00fcber die Veranstaltung der S\u00fcdosteuropa-Gesellschaft in Kooperation mit der Europa-Union M\u00fcnchen vom 13. [&hellip;]<\/p>\n","protected":false},"author":20,"featured_media":0,"comment_status":"closed","ping_status":"closed","sticky":false,"template":"","format":"standard","meta":[],"categories":[26],"tags":[],"acf":[],"_links":{"self":[{"href":"https:\/\/eu-bayern.de\/bv-muenchen\/wp-json\/wp\/v2\/posts\/1408"}],"collection":[{"href":"https:\/\/eu-bayern.de\/bv-muenchen\/wp-json\/wp\/v2\/posts"}],"about":[{"href":"https:\/\/eu-bayern.de\/bv-muenchen\/wp-json\/wp\/v2\/types\/post"}],"author":[{"embeddable":true,"href":"https:\/\/eu-bayern.de\/bv-muenchen\/wp-json\/wp\/v2\/users\/20"}],"replies":[{"embeddable":true,"href":"https:\/\/eu-bayern.de\/bv-muenchen\/wp-json\/wp\/v2\/comments?post=1408"}],"version-history":[{"count":2,"href":"https:\/\/eu-bayern.de\/bv-muenchen\/wp-json\/wp\/v2\/posts\/1408\/revisions"}],"predecessor-version":[{"id":1411,"href":"https:\/\/eu-bayern.de\/bv-muenchen\/wp-json\/wp\/v2\/posts\/1408\/revisions\/1411"}],"wp:attachment":[{"href":"https:\/\/eu-bayern.de\/bv-muenchen\/wp-json\/wp\/v2\/media?parent=1408"}],"wp:term":[{"taxonomy":"category","embeddable":true,"href":"https:\/\/eu-bayern.de\/bv-muenchen\/wp-json\/wp\/v2\/categories?post=1408"},{"taxonomy":"post_tag","embeddable":true,"href":"https:\/\/eu-bayern.de\/bv-muenchen\/wp-json\/wp\/v2\/tags?post=1408"}],"curies":[{"name":"wp","href":"https:\/\/api.w.org\/{rel}","templated":true}]}}