{"id":1275,"date":"2020-05-27T16:42:45","date_gmt":"2020-05-27T14:42:45","guid":{"rendered":"https:\/\/eu-bayern.de\/bv-muenchen\/?p=1275"},"modified":"2021-01-31T16:45:05","modified_gmt":"2021-01-31T15:45:05","slug":"online-expertengesprach-vom-27-mai-2020-bericht-wie-weiter-mit-der-eu-erweiterung-wege-aus-der-sackgasse","status":"publish","type":"post","link":"https:\/\/eu-bayern.de\/bv-muenchen\/online-expertengesprach-vom-27-mai-2020-bericht-wie-weiter-mit-der-eu-erweiterung-wege-aus-der-sackgasse\/","title":{"rendered":"Online-Expertengespr\u00e4ch vom 27. Mai 2020 Bericht \u201eWie weiter mit der EU-Erweiterung? Wege aus der Sackgasse\u201c"},"content":{"rendered":"<p>&nbsp;<\/p>\n<p>Am 27.05.2020 diskutierten hierzu auf Einladung der <strong>S\u00fcdosteuropa-Gesellschaft<\/strong> und der <strong>Europa-Union<\/strong><br \/>\n<strong>M\u00fcnchen<\/strong>: Anja Quiring, Regionaldirektorin S\u00fcdosteuropa, Ost-Ausschuss \u2013 Osteuropaverein der Deutschen<br \/>\nWirtschaft e.V.; Manuel Sarrazin, MdB, Mitglied im Ausw\u00e4rtigen Ausschuss und dem Ausschuss f\u00fcr die<br \/>\nAngelegenheiten der Europ\u00e4ischen Union, B\u00fcndnis90\/Die Gr\u00fcnen und Keno Verseck, Freier Journalist und<br \/>\nAutor, Spiegel. Moderator war Christian Hagemann, Stellv. Gesch\u00e4ftsf\u00fchrer der S\u00fcdosteuropa-Gesellschaft.<\/p>\n<p>Die EU-Erweiterung um die verbliebenen ehemals kommunistisch regierten L\u00e4nder (die Westbalkan-L\u00e4nder)<br \/>\nwird als sehr wichtig eingesch\u00e4tzt, besonders aus geopolitischen Gr\u00fcnden angesichts des russischen und<br \/>\nchinesischen Engagements in der Region.<br \/>\nDer Erweiterungsprozess steckt jedoch schon seit Jahren in der Sackgasse. Inzwischen haben die<br \/>\nZustimmungsraten in allen L\u00e4ndern abgenommen. Die Glaubw\u00fcrdigkeit der EU habe bei der Bev\u00f6lkerung<br \/>\ngelitten, so die Experten. Nicht wenige glaubten, die Union meine \u201ees nicht mehr ernst\u201c und EU-Politiker<br \/>\n\u201ekungeln mit lokalen Herrschern\u201c. Auch Deutschland zeige derzeit einen geringen Einsatz als \u201eAnwalt der<br \/>\nBeitrittsl\u00e4nder\u201c. Allerdings m\u00fcsste man sich angesichts mancher lokaler korrupter Politiker auch klarmachen,<br \/>\n\u201edass es noch dauert\u201c und vielleicht, \u201eeine neue Politiker-Generation n\u00f6tig\u201c sei, um voranzukommen.<\/p>\n<p>Die EU m\u00fcsste mehr tun, \u201esich einmischen\u201c, z.B. gegen separatistische Absichten, und mehr darauf achten,<br \/>\ndass die Regeln eingehalten werden. Hilfreich sein k\u00f6nnte auch ein \u00f6ffentlichkeitswirksamer Auftritt vor Ort<br \/>\nvon Bundeskanzlerin Merkel.<\/p>\n<p>F\u00fcr viele B\u00fcrger der Region sei die EU weiterhin ein Vorbild bez\u00fcgl. Berechenbarkeit , Chancengleichheit,<br \/>\nguter Lebensperspektiven. Mit ihrem \u201eLebensgef\u00fchl\u201c seien die Menschen \u201enat\u00fcrliche Verb\u00fcndete\u201c vor Ort.<br \/>\nVerbindend wirkten auch der schon existierende intensive Warenaustausch mit der EU, viele regionale<br \/>\nKooperationen und zahlreiche in unterschiedliche EU-L\u00e4nder Ausgewanderte. Negativ wurde angemerkt,<br \/>\ndass Fachkr\u00e4fte aus der Region in die EU abwandern und daher lokal fehlen.<\/p>\n<p>Neben den offiziellen Regierungskontakten gebe es zahlreiche Kontakte seitens politischer Stiftungen sowie &#8211;<br \/>\nteils \u201ehinter den Kulissen\u201c &#8211; auch unter Politikern. Die EU m\u00fcsste jedoch einerseits mit einer deutlich<br \/>\nverbesserten PR aufzeigen, was sie f\u00fcr die Region schon alles geleistet hat. Andererseits sei auch wichtig<br \/>\ndass EU-Politiker ihren B\u00fcrgern die Bedeutung der Westbalkan-Region f\u00fcr unser aller Zukunft deutlich<br \/>\nmachten.<\/p>\n<p>Als positive Entwicklungen aus j\u00fcngster Zeit wurden hervorgehoben: Der EU-Beschluss vom M\u00e4rz zur<br \/>\nAufnahme von Erweiterungsgespr\u00e4chen mit Albanien und Nord Mazedonien sowie die EU-Unterst\u00fctzungsHilfe in H\u00f6he von 3,3 Milliarden f\u00fcr die Staaten der Region bei der Bew\u00e4ltigung der wirtschaftlichen Folgen<br \/>\nder Corona-Krise.<\/p>\n<p><em>Die Veranstaltung war Teil des M\u00fcnchener Europa-Mai, der gemeinsam von der Landeshauptstadt M\u00fcnchen,<\/em><br \/>\n<em>den M\u00fcnchner Verbindungsb\u00fcros des Europ\u00e4ischen Parlaments, der Europ\u00e4ischen Kommission und der<\/em><br \/>\n<em>Europa Union M\u00fcnchen organisiert wurde.<\/em><\/p>\n<style type='text\/css'>.reading-box-container-1 .element-bottomshadow:before,.reading-box-container-1 .element-bottomshadow:after{opacity:0.7;}<\/style><div class=\"fusion-reading-box-container reading-box-container-1 box12\" style=\"margin-top:0px;margin-bottom:84px;\"><div class=\"reading-box\" style=\"background-color:#f5f5f5;border-width:0px;border-color:#f6f6f6;border-left-width:3px;border-left-color:var(--primary_color);border-style:solid;\"><a class=\"button fusion-button button-default fusion-button-default-size button-default-size button-flat fusion-desktop-button fusion-tagline-button continue fusion-desktop-button-margin continue-right\" style=\"-webkit-box-shadow:none;-moz-box-shadow:none;box-shadow:none;border-radius:0px 0px 0px 0px\" href=\"https:\/\/eu-bayern.de\/bv-muenchen\/dl\/1121\" target=\"_self\"><span>HERUNTERLADEN<\/span><\/a><h2>27.5.2020 SOG-EUM EU-ErweitWestbalkanBERICHT<\/h2><div class=\"reading-box-description fusion-reading-box-additional\">INFO: PDF, 539.83 KB<\/div><div class=\"fusion-clearfix\"><\/div><a class=\"button fusion-button button-default fusion-button-default-size button-default-size button-flat fusion-mobile-button continue-right\" style=\"-webkit-box-shadow:none;-moz-box-shadow:none;box-shadow:none;border-radius:0px 0px 0px 0px\" href=\"https:\/\/eu-bayern.de\/bv-muenchen\/dl\/1121\" target=\"_self\"><span>HERUNTERLADEN<\/span><\/a><\/div><\/div>\n","protected":false},"excerpt":{"rendered":"<p>&nbsp; Am 27.05.2020 diskutierten hierzu auf Einladung der S\u00fcdosteuropa-Gesellschaft und der Europa-Union M\u00fcnchen: Anja Quiring, Regionaldirektorin S\u00fcdosteuropa, Ost-Ausschuss \u2013 Osteuropaverein der Deutschen Wirtschaft e.V.; Manuel [&hellip;]<\/p>\n","protected":false},"author":20,"featured_media":0,"comment_status":"closed","ping_status":"closed","sticky":false,"template":"","format":"standard","meta":[],"categories":[26],"tags":[],"acf":[],"_links":{"self":[{"href":"https:\/\/eu-bayern.de\/bv-muenchen\/wp-json\/wp\/v2\/posts\/1275"}],"collection":[{"href":"https:\/\/eu-bayern.de\/bv-muenchen\/wp-json\/wp\/v2\/posts"}],"about":[{"href":"https:\/\/eu-bayern.de\/bv-muenchen\/wp-json\/wp\/v2\/types\/post"}],"author":[{"embeddable":true,"href":"https:\/\/eu-bayern.de\/bv-muenchen\/wp-json\/wp\/v2\/users\/20"}],"replies":[{"embeddable":true,"href":"https:\/\/eu-bayern.de\/bv-muenchen\/wp-json\/wp\/v2\/comments?post=1275"}],"version-history":[{"count":2,"href":"https:\/\/eu-bayern.de\/bv-muenchen\/wp-json\/wp\/v2\/posts\/1275\/revisions"}],"predecessor-version":[{"id":1471,"href":"https:\/\/eu-bayern.de\/bv-muenchen\/wp-json\/wp\/v2\/posts\/1275\/revisions\/1471"}],"wp:attachment":[{"href":"https:\/\/eu-bayern.de\/bv-muenchen\/wp-json\/wp\/v2\/media?parent=1275"}],"wp:term":[{"taxonomy":"category","embeddable":true,"href":"https:\/\/eu-bayern.de\/bv-muenchen\/wp-json\/wp\/v2\/categories?post=1275"},{"taxonomy":"post_tag","embeddable":true,"href":"https:\/\/eu-bayern.de\/bv-muenchen\/wp-json\/wp\/v2\/tags?post=1275"}],"curies":[{"name":"wp","href":"https:\/\/api.w.org\/{rel}","templated":true}]}}