{"id":1201,"date":"2020-09-27T17:32:24","date_gmt":"2020-09-27T15:32:24","guid":{"rendered":"https:\/\/eu-bayern.de\/bv-muenchen\/?p=1201"},"modified":"2020-09-27T20:51:11","modified_gmt":"2020-09-27T18:51:11","slug":"erfolgreiche-protestaktion-gegen-edic-schliessung","status":"publish","type":"post","link":"https:\/\/eu-bayern.de\/bv-muenchen\/erfolgreiche-protestaktion-gegen-edic-schliessung\/","title":{"rendered":"Erfolgreiche Protestaktion gegen EDIC Schlie\u00dfung"},"content":{"rendered":"<p class=\"tinymce_own02\">Dank einer Initiative der Europa-Union M\u00fcnchen (Walter Brinkmann) konnte mit Unterst\u00fctzung von Pro-Europa Netzwerk M\u00fcnchen und Oberbayern sowie \u00b4Puls of Europe\u00b4 eine m\u00f6gliche Schlie\u00dfung des Europe Informationszentrum (EDIC) \u00a0in M\u00fcnchen verhindert werden.<\/p>\n<p><a href=\"https:\/\/eu-bayern.de\/bv-muenchen\/wp-content\/uploads\/sites\/12\/2020\/09\/Protestaktion-EDIC.pdf\">Protestaktion EDIC<\/a><\/p>\n","protected":false},"excerpt":{"rendered":"<p>Dank einer Initiative der Europa-Union M\u00fcnchen konnte mit Unterst\u00fctzung von Pro-Europa Netzwerk M\u00fcnchen und Oberbayern sowie \u00b4Puls of Europe\u00b4 eine m\u00f6gliche Schlie\u00dfung des EDIC \u00a0in M\u00fcnchen verhindert werden.<\/p>\n","protected":false},"author":30,"featured_media":1209,"comment_status":"closed","ping_status":"closed","sticky":false,"template":"","format":"standard","meta":[],"categories":[1],"tags":[],"acf":[],"_links":{"self":[{"href":"https:\/\/eu-bayern.de\/bv-muenchen\/wp-json\/wp\/v2\/posts\/1201"}],"collection":[{"href":"https:\/\/eu-bayern.de\/bv-muenchen\/wp-json\/wp\/v2\/posts"}],"about":[{"href":"https:\/\/eu-bayern.de\/bv-muenchen\/wp-json\/wp\/v2\/types\/post"}],"author":[{"embeddable":true,"href":"https:\/\/eu-bayern.de\/bv-muenchen\/wp-json\/wp\/v2\/users\/30"}],"replies":[{"embeddable":true,"href":"https:\/\/eu-bayern.de\/bv-muenchen\/wp-json\/wp\/v2\/comments?post=1201"}],"version-history":[{"count":2,"href":"https:\/\/eu-bayern.de\/bv-muenchen\/wp-json\/wp\/v2\/posts\/1201\/revisions"}],"predecessor-version":[{"id":1211,"href":"https:\/\/eu-bayern.de\/bv-muenchen\/wp-json\/wp\/v2\/posts\/1201\/revisions\/1211"}],"wp:featuredmedia":[{"embeddable":true,"href":"https:\/\/eu-bayern.de\/bv-muenchen\/wp-json\/wp\/v2\/media\/1209"}],"wp:attachment":[{"href":"https:\/\/eu-bayern.de\/bv-muenchen\/wp-json\/wp\/v2\/media?parent=1201"}],"wp:term":[{"taxonomy":"category","embeddable":true,"href":"https:\/\/eu-bayern.de\/bv-muenchen\/wp-json\/wp\/v2\/categories?post=1201"},{"taxonomy":"post_tag","embeddable":true,"href":"https:\/\/eu-bayern.de\/bv-muenchen\/wp-json\/wp\/v2\/tags?post=1201"}],"curies":[{"name":"wp","href":"https:\/\/api.w.org\/{rel}","templated":true}]}}